{"id":102558,"date":"2026-01-04T19:46:10","date_gmt":"2026-01-04T19:46:10","guid":{"rendered":"https:\/\/www.europesays.com\/nl\/102558\/"},"modified":"2026-01-04T19:46:10","modified_gmt":"2026-01-04T19:46:10","slug":"helemaal-gratis-te-zien-deze-absolute-oscarkraker-is-het-vandaag-gewoon-film-nieuws","status":"publish","type":"post","link":"https:\/\/www.europesays.com\/nl\/102558\/","title":{"rendered":"Helemaal gratis te zien? Deze absolute Oscarkraker is het vandaag gewoon | Film Nieuws"},"content":{"rendered":"<p>Het veelgeprezen drama <a href=\"https:\/\/www.moviemeter.nl\/..\/film\/1148175\" rel=\"nofollow noopener\" target=\"_blank\">The Banshees of Inisherin<\/a> van regisseur <a href=\"https:\/\/www.moviemeter.nl\/..\/personen\/54472\/martin-mcdonagh\" rel=\"nofollow noopener\" target=\"_blank\">Martin McDonagh<\/a> is vanavond te zien op televisie. De film, met hoofdrollen voor <a href=\"https:\/\/www.moviemeter.nl\/..\/personen\/72466\/colin-farrell\" rel=\"nofollow noopener\" target=\"_blank\">Colin Farrell<\/a>, <a href=\"https:\/\/www.moviemeter.nl\/..\/personen\/2039\/brendan-gleeson\" rel=\"nofollow noopener\" target=\"_blank\">Brendan Gleeson<\/a> en <a href=\"https:\/\/www.moviemeter.nl\/..\/personen\/1290466\/barry-keoghan\" rel=\"nofollow noopener\" target=\"_blank\">Barry Keoghan<\/a>, verscheen in 2022 en oogstte lovende kritieken van zowel critici als publiek.&#13;<br \/>\n                                                                    &#13;\n                                                                    <\/p>\n<p>In The Banshees of Inisherin draait het verhaal om twee levenslange vrienden, P\u00e1draic en Colm, die samen op een klein fictief Iers eiland wonen. Hun hechte vriendschap wordt plotseling verbroken wanneer Colm besluit P\u00e1draic niet langer te willen zien. Dit leidt tot een reeks vreemde en tragische gebeurtenissen. Terwijl P\u00e1draic probeert te achterhalen waarom zijn vriend afstand neemt, stelt Colm een schrikbarend ultimatum: telkens als P\u00e1draic hem lastigvalt, zal Colm een eigen vinger afhakken. Deze bizarre situatie escaleert en zet beide mannen op een pad van zelfreflectie, conflicten en uiteindelijk zelfvernietiging. Het verhaal onderzoekt op indringende wijze thema\u2019s als trots, vriendschap en menselijke zwakheden.&#13;<br \/>\n&#13;<br \/>\n&#13;<br \/>\n&#13;<br \/>\n&#13;\n                                                                    <\/p>\n<p>Lees meer: <a href=\"https:\/\/www.moviemeter.nl\/..\/netflix\/lastchance\" rel=\"nofollow noopener\" target=\"_blank\">Films die binnenkort verdwijnen van Netflix<\/a>                                                                    <\/p>\n<p>&#13;<br \/>\n                                                                        Artikel gaat verder onder video&#13;<br \/>\n                                                                        &#13;\n                                                                    <\/p>\n<p>                                                                    The Banshees of Inisherin\u00a0<\/p>\n<p>The Banshees of Inisherin is geregisseerd door Martin McDonagh, bekend van films als <a href=\"https:\/\/www.moviemeter.nl\/..\/film\/42802\" rel=\"nofollow noopener\" target=\"_blank\">In Bruges<\/a> en <a href=\"https:\/\/www.moviemeter.nl\/..\/film\/1112920\" rel=\"nofollow noopener\" target=\"_blank\">Three Billboards Outside Ebbing, Missouri<\/a>. Bij de release in 2022 werd de film zeer goed ontvangen. De combinatie van zwarte komedie en drama wordt gewaardeerd door zowel critici als publiek: op Rotten Tomatoes scoort de film 97%, op IMDb 7,7 en op MovieMeter 3,59 uit 5. Colin Farrell en Brendan Gleeson werken opnieuw samen met McDonagh, zoals eerder al in <a href=\"https:\/\/www.moviemeter.nl\/nieuws\/moviemeter.nl\/film\/1148175\" rel=\"nofollow noopener\" target=\"_blank\">In Bruges<\/a>.&#13;<br \/>\n                                                                    &#13;\n                                                                    <\/p>\n<p>The Banshees of Inisherin wordt 3 januari om 22:10 uur uitgezonden op VRTCanvas Hieronder kun je de trailer bekijken.<\/p>\n<p>                                                                                        <a class=\"js-overlay-start-nonpreroll\" data-url=\"https:\/\/www.youtube.com\/embed\/siEn28Y80LU\">&#13;<br \/>\n                                                                                            &#13;<br \/>\n                                                                                                &#13;<br \/>\n                                                                                                <img decoding=\"async\" src=\"https:\/\/www.europesays.com\/nl\/wp-content\/uploads\/2026\/01\/1767555970_559_sddefault.jpg\" alt=\"trailer\"\/>&#13;<br \/>\n                                                                                            &#13;<br \/>\n                                                                                        <\/a><\/p>\n","protected":false},"excerpt":{"rendered":"Het veelgeprezen drama The Banshees of Inisherin van regisseur Martin McDonagh is vanavond te zien op televisie. De&hellip;\n","protected":false},"author":2,"featured_media":102559,"comment_status":"","ping_status":"","sticky":false,"template":"","format":"standard","meta":{"footnotes":""},"categories":[26],"tags":[22295,99,22291,22290,10490,8681,48,98,102,583,103,22296,22292,8566,22289,730,101,46,47,49,45,50,5886,22288,22294,22293,9444],"class_list":{"0":"post-102558","1":"post","2":"type-post","3":"status-publish","4":"format-standard","5":"has-post-thumbnail","7":"category-films","8":"tag-2022-film","9":"tag-amusement","10":"tag-barry-keoghan","11":"tag-brendan-gleeson","12":"tag-colin-farrell","13":"tag-drama-film","14":"tag-dutch","15":"tag-entertainment","16":"tag-film","17":"tag-film-nieuws","18":"tag-films","19":"tag-iers-eiland","20":"tag-ierse-film","21":"tag-imdb-beoordeling","22":"tag-martin-mcdonagh","23":"tag-moviemeter-score","24":"tag-movies","25":"tag-nederland","26":"tag-nederlanden","27":"tag-nederlands","28":"tag-netherlands","29":"tag-nl","30":"tag-rotten-tomatoes-score","31":"tag-the-banshees-of-inisherin","32":"tag-viaplay-tv","33":"tag-vriendschap-en-conflict","34":"tag-zwarte-komedie"},"share_on_mastodon":{"url":"https:\/\/pubeurope.com\/@nl\/115838555515045525","error":""},"_links":{"self":[{"href":"https:\/\/www.europesays.com\/nl\/wp-json\/wp\/v2\/posts\/102558","targetHints":{"allow":["GET"]}}],"collection":[{"href":"https:\/\/www.europesays.com\/nl\/wp-json\/wp\/v2\/posts"}],"about":[{"href":"https:\/\/www.europesays.com\/nl\/wp-json\/wp\/v2\/types\/post"}],"author":[{"embeddable":true,"href":"https:\/\/www.europesays.com\/nl\/wp-json\/wp\/v2\/users\/2"}],"replies":[{"embeddable":true,"href":"https:\/\/www.europesays.com\/nl\/wp-json\/wp\/v2\/comments?post=102558"}],"version-history":[{"count":0,"href":"https:\/\/www.europesays.com\/nl\/wp-json\/wp\/v2\/posts\/102558\/revisions"}],"wp:featuredmedia":[{"embeddable":true,"href":"https:\/\/www.europesays.com\/nl\/wp-json\/wp\/v2\/media\/102559"}],"wp:attachment":[{"href":"https:\/\/www.europesays.com\/nl\/wp-json\/wp\/v2\/media?parent=102558"}],"wp:term":[{"taxonomy":"category","embeddable":true,"href":"https:\/\/www.europesays.com\/nl\/wp-json\/wp\/v2\/categories?post=102558"},{"taxonomy":"post_tag","embeddable":true,"href":"https:\/\/www.europesays.com\/nl\/wp-json\/wp\/v2\/tags?post=102558"}],"curies":[{"name":"wp","href":"https:\/\/api.w.org\/{rel}","templated":true}]}}