{"id":103063,"date":"2026-01-05T12:56:09","date_gmt":"2026-01-05T12:56:09","guid":{"rendered":"https:\/\/www.europesays.com\/nl\/103063\/"},"modified":"2026-01-05T12:56:09","modified_gmt":"2026-01-05T12:56:09","slug":"celstraf-van-30-jaar-voor-vader-vermoorde-ryan-18-20-jaar-cel-voor-broers","status":"publish","type":"post","link":"https:\/\/www.europesays.com\/nl\/103063\/","title":{"rendered":"Celstraf van 30 jaar voor vader vermoorde Ryan (18), 20 jaar cel voor broers"},"content":{"rendered":"<p><img alt=\"\" decoding=\"async\" loading=\"eager\" src=\"https:\/\/www.europesays.com\/nl\/wp-content\/uploads\/2026\/01\/1767617767_723_1024x576a.jpg\" class=\"sc-bcb3b750-1 cULYcE\"\/>ANPRechtbanktekening van verdachten Mohammed Al N. (R) en Muhanad Al N.<\/p>\n<p>NOS Nieuws\u2022vandaag, 13:16\u2022Aangepast vandaag, 13:29<\/p>\n<p class=\"sc-2ea02837-0 fedhGB\" id=\"797070162938639\">Khaled al N. is bij verstek veroordeeld tot dertig jaar gevangenisstraf voor de moord op zijn 18-jarige dochter Ryan uit Joure. Dat is vijf jaar hoger dan dat het Openbaar Ministerie (OM) had ge\u00ebist. Haar broers, Mohamed en Muhanad, moeten twintig jaar de gevangenis in voor het medeplegen van de moord.<\/p>\n<p class=\"sc-2ea02837-0 fedhGB\" id=\"858671978276257\">De rechter vindt dat er genoeg bewijs is dat het drietal schuldig is aan moord op Ryan, en noemt haar dood &#8220;een tragisch dieptepunt van een familiegeschiedenis waarin onderdrukking van vrouwen de rode draad vormde&#8221;.<\/p>\n<p class=\"sc-2ea02837-0 fedhGB\" id=\"420869646774350\">Volgens de rechtbank speelde de vader van Ryan een leidende rol bij de moord, die als femicide beschouwd kan worden. &#8220;Het is de taak van een ouder om zijn kind te steunen en tot bloei te laten komen. Khaled deed het tegenovergestelde.&#8221;<\/p>\n<p class=\"sc-2ea02837-0 fedhGB\" id=\"566130295632801\">De rechter houdt bij de strafoplegging rekening met de jonge leeftijd van de broers en het feit dat zij door hun vader zijn aangestuurd en dat zij onder druk hebben gehandeld.<\/p>\n<p>Geen uitleveringsverdrag<\/p>\n<p class=\"sc-2ea02837-0 fedhGB\" id=\"628426617838424\">Het OM eiste <a data-tracking=\"elementType=page|elementId=https:\/\/nos.nl\/artikel\/2592384-om-eist-25-jaar-celstraf-tegen-vader-vermoorde-ryan-18-en-20-jaar-tegen-broers|eventType=navigation|eventName=open\" target=\"_self\" href=\"https:\/\/nos.nl\/artikel\/2592384-om-eist-25-jaar-celstraf-tegen-vader-vermoorde-ryan-18-en-20-jaar-tegen-broers\" rel=\"nofollow noopener\">eind november<\/a> een onvoorwaardelijke gevangenisstraf van 25 jaar tegen de vader, die naar <a data-tracking=\"elementType=page|elementId=https:\/\/nos.nl\/nieuwsuur\/artikel\/2592138-vader-van-vermoorde-ryan-loopt-vrij-rond-in-syrie-wat-kan-nederland-doen|eventType=navigation|eventName=open\" target=\"_self\" href=\"https:\/\/nos.nl\/nieuwsuur\/artikel\/2592138-vader-van-vermoorde-ryan-loopt-vrij-rond-in-syrie-wat-kan-nederland-doen\" rel=\"nofollow noopener\">Syri\u00eb<\/a> is gevlucht. Tegen de broers was twintig jaar ge\u00ebist voor het medeplegen van de moord.<\/p>\n<p class=\"sc-2ea02837-0 fedhGB\" id=\"584559027365672\">Hoe re\u00ebel het is dat de Syrische vader zijn straf gaat uitzitten, is niet duidelijk. Hij loopt vrij rond in Syri\u00eb en er is geen uitleveringsverdrag tussen Nederland en Syri\u00eb.<\/p>\n<p>&#8216;Te westers&#8217;<\/p>\n<p class=\"sc-2ea02837-0 fedhGB\" id=\"75518057656787\">Het lichaam van Ryan werd <a data-tracking=\"elementType=page|elementId=https:\/\/nos.nl\/artikel\/2554932-om-in-eerwraak-moordzaak-ryan-18-werd-levend-in-water-gegooid|eventType=navigation|eventName=open\" target=\"_self\" href=\"https:\/\/nos.nl\/artikel\/2554932-om-in-eerwraak-moordzaak-ryan-18-werd-levend-in-water-gegooid\" rel=\"nofollow noopener\">op 28 mei<\/a> vorig jaar gevonden in een moeraspoel bij de Oostvaardersplassen. Er werd achttien meter ducttape gebruikt om Ryan vast te binden, waarna ze levend het water in werd gegooid. Ze werd gevonden met haar handen op haar rug gebonden, haar neus en mond waren afgeplakt met tape.<\/p>\n<p class=\"sc-2ea02837-0 fedhGB\" id=\"165371998217572\">Het OM <a data-tracking=\"elementType=page|elementId=https:\/\/nos.nl\/artikel\/2592384-om-eist-25-jaar-celstraf-tegen-vader-vermoorde-ryan-18-en-20-jaar-tegen-broers|eventType=navigation|eventName=open\" target=\"_self\" href=\"https:\/\/nos.nl\/artikel\/2592384-om-eist-25-jaar-celstraf-tegen-vader-vermoorde-ryan-18-en-20-jaar-tegen-broers\" rel=\"nofollow noopener\">achtte<\/a> bewezen dat haar vader en broers met een vooropgezet plan Ryan hebben vermoord. Zij zou zich volgens haar familie &#8220;te westers&#8221; hebben gedragen. &#8220;Zij zagen Ryan als een last die uit de weg geruimd moest worden&#8221;, aldus het <a href=\"https:\/\/www.om.nl\/actueel\/nieuws\/2025\/11\/28\/tot-25-jaar-gevangenisstraf-geeist-tegen-vader-en-broers-van-vermoorde-ryan\" data-tracking=\"elementType=external-link|elementId=https:\/\/www.om.nl\/actueel\/nieuws\/2025\/11\/28\/tot-25-jaar-gevangenisstraf-geeist-tegen-vader-en-broers-van-vermoorde-ryan|eventType=navigation|eventName=open\" target=\"_blank\" rel=\"nofollow noopener\">OM<\/a>. Ryan kwam uit een streng-islamitisch gezin, waarover bij de politie al meerdere incidenten bekend waren. Ze worstelde met de traditionele opvattingen van haar gezin.<\/p>\n<p class=\"sc-2ea02837-0 fedhGB\" id=\"548501456815732\">Een van haar broers liet eerder aan de politie <a data-tracking=\"elementType=page|elementId=https:\/\/nos.nl\/artikel\/2536992-broers-ontkennen-moord-ryan-om-familie-eer-en-wijzen-naar-hun-vader|eventType=navigation|eventName=open\" target=\"_self\" href=\"https:\/\/nos.nl\/artikel\/2536992-broers-ontkennen-moord-ryan-om-familie-eer-en-wijzen-naar-hun-vader\" rel=\"nofollow noopener\">weten<\/a> dat hij vond dat Ryan de eer van de familie had aangetast door zichzelf live op TikTok te filmen zonder hoofddoek en met make-up.<\/p>\n<p>Pyschopaat<\/p>\n<p class=\"sc-2ea02837-0 fedhGB\" id=\"40153130092045\">Bij de inhoudelijke behandeling van de zaak in november zeiden de broers dat ze <a data-tracking=\"elementType=page|elementId=https:\/\/nos.nl\/artikel\/2592208-broers-van-vermoorde-zusje-ryan-18-ontkennen-wijzen-naar-vader|eventType=navigation|eventName=open\" target=\"_self\" href=\"https:\/\/nos.nl\/artikel\/2592208-broers-van-vermoorde-zusje-ryan-18-ontkennen-wijzen-naar-vader\" rel=\"nofollow noopener\">onschuldig<\/a> waren en dat hun vader hun zus heeft vermoord. De broers noemden de vader een &#8220;psychopaat&#8221; en een &#8220;monster&#8221;.<\/p>\n<p class=\"sc-2ea02837-0 fedhGB\" id=\"576150507370889\">De broers hadden zich maandenlang beroepen op hun zwijgrecht. Het OM vroeg zich af waarom zij niet &#8220;van de daken&#8221; schreeuwden dat ze onschuldig waren.<\/p>\n<p class=\"sc-2ea02837-0 fedhGB\" id=\"450036277085468\">De vader van de omgebrachte Ryan is naar het noorden van Syri\u00eb vertrokken en is daar hertrouwd. Vanuit het land schreef hij vorig jaar in een brief in De Telegraaf dat hij zijn dochter heeft gedood. In de inhoudelijke zitting liet hij dat in november ook herhalen door zijn advocaat.<\/p>\n<p>Vorm van femicide<\/p>\n<p class=\"sc-2ea02837-0 fedhGB\" id=\"280722464970484\">Binnen het gezin dat uit Syri\u00eb vluchtte en in het Friese Joure terechtkwam, speelden veel problemen. Volgens <a href=\"https:\/\/www.omroepflevoland.nl\/nieuws\/415004\/ook-vader-van-ryan-18-wordt-vervolgd-voor-ombrengen-dochter\" data-tracking=\"elementType=external-link|elementId=https:\/\/www.omroepflevoland.nl\/nieuws\/415004\/ook-vader-van-ryan-18-wordt-vervolgd-voor-ombrengen-dochter|eventType=navigation|eventName=open\" target=\"_blank\" rel=\"nofollow noopener\">Omroep Flevoland<\/a> was het gezin bekend bij veel hulpverleningsinstanties en de politie. Vanaf 2022 verbleef Ryan meerdere keren in instellingen en opvanglocaties.<\/p>\n<p class=\"sc-2ea02837-0 fedhGB\" id=\"829603977055463\">Ryan verklaarde zelf al eens bij de politie dat haar vader haar en meerdere familieleden mishandelde en bedreigde.<\/p>\n<p class=\"sc-2ea02837-0 fedhGB\" id=\"214761095716971\">Justitie zei dat dat Ryan slachtoffer is geworden van &#8220;eermoord, een vorm van femicide&#8221;. Daarvoor is geen plek in Nederland, zei de officier van justitie.<\/p>\n<p class=\"sc-2ea02837-0 fedhGB\" id=\"345422474186437\">In Taftanaz, in de noordelijke provincie Idlib, sprak Nieuwsuur met kennissen en familieleden van Khaled al-N:<\/p>\n<p><img alt=\"\" decoding=\"async\" loading=\"lazy\" src=\"https:\/\/www.europesays.com\/nl\/wp-content\/uploads\/2025\/11\/1764190752_511_1024x576a.jpg\" class=\"sc-35032481-1 jENweF\"\/><\/p>\n<p>Verslaggever gaat in Syri\u00eb op zoek naar vader vermoorde Ryan<\/p>\n","protected":false},"excerpt":{"rendered":"ANPRechtbanktekening van verdachten Mohammed Al N. (R) en Muhanad Al N. NOS Nieuws\u2022vandaag, 13:16\u2022Aangepast vandaag, 13:29 Khaled al&hellip;\n","protected":false},"author":2,"featured_media":103064,"comment_status":"","ping_status":"","sticky":false,"template":"","format":"standard","meta":{"footnotes":""},"categories":[5],"tags":[39,40,48,43,44,34,35,41,42,5790,46,47,49,45,32,33,50,16108,36,37,38],"class_list":{"0":"post-103063","1":"post","2":"type-post","3":"status-publish","4":"format-standard","5":"has-post-thumbnail","7":"category-hoofdpunten","8":"tag-breaking-news","9":"tag-breakingnews","10":"tag-dutch","11":"tag-featured-news","12":"tag-featurednews","13":"tag-headlines","14":"tag-hoofdpunten","15":"tag-latest-news","16":"tag-latestnews","17":"tag-moordzaak","18":"tag-nederland","19":"tag-nederlanden","20":"tag-nederlands","21":"tag-netherlands","22":"tag-news","23":"tag-nieuws","24":"tag-nl","25":"tag-ryan","26":"tag-top-stories","27":"tag-topstories","28":"tag-voorpaginanieuws"},"share_on_mastodon":{"url":"https:\/\/pubeurope.com\/@nl\/115842605632787683","error":""},"_links":{"self":[{"href":"https:\/\/www.europesays.com\/nl\/wp-json\/wp\/v2\/posts\/103063","targetHints":{"allow":["GET"]}}],"collection":[{"href":"https:\/\/www.europesays.com\/nl\/wp-json\/wp\/v2\/posts"}],"about":[{"href":"https:\/\/www.europesays.com\/nl\/wp-json\/wp\/v2\/types\/post"}],"author":[{"embeddable":true,"href":"https:\/\/www.europesays.com\/nl\/wp-json\/wp\/v2\/users\/2"}],"replies":[{"embeddable":true,"href":"https:\/\/www.europesays.com\/nl\/wp-json\/wp\/v2\/comments?post=103063"}],"version-history":[{"count":0,"href":"https:\/\/www.europesays.com\/nl\/wp-json\/wp\/v2\/posts\/103063\/revisions"}],"wp:featuredmedia":[{"embeddable":true,"href":"https:\/\/www.europesays.com\/nl\/wp-json\/wp\/v2\/media\/103064"}],"wp:attachment":[{"href":"https:\/\/www.europesays.com\/nl\/wp-json\/wp\/v2\/media?parent=103063"}],"wp:term":[{"taxonomy":"category","embeddable":true,"href":"https:\/\/www.europesays.com\/nl\/wp-json\/wp\/v2\/categories?post=103063"},{"taxonomy":"post_tag","embeddable":true,"href":"https:\/\/www.europesays.com\/nl\/wp-json\/wp\/v2\/tags?post=103063"}],"curies":[{"name":"wp","href":"https:\/\/api.w.org\/{rel}","templated":true}]}}