{"id":103083,"date":"2026-01-05T13:19:15","date_gmt":"2026-01-05T13:19:15","guid":{"rendered":"https:\/\/www.europesays.com\/nl\/103083\/"},"modified":"2026-01-05T13:19:15","modified_gmt":"2026-01-05T13:19:15","slug":"veldman-over-afwezige-speler-mijn-eerste-reactie-was","status":"publish","type":"post","link":"https:\/\/www.europesays.com\/nl\/103083\/","title":{"rendered":"Veldman over afwezige speler: &#8220;Mijn eerste reactie was:\u2026"},"content":{"rendered":"<p>SC Heerenveen werkt deze week aan een trainingskamp in Spanje. De ploeg van trainer Robin Veldman verblijft op de Torremirona golfclub, een luxe resort op ongeveer anderhalf uur rijden van Barcelona. Volgens Veldman is de locatie vooral geschikt om in alle rust te werken.<\/p>\n<p>&#8220;We zitten hier enorm afgelegen&#8221;, zegt Veldman tegen de <a href=\"https:\/\/lc.nl\/sport\/sc-heerenveen-spanje-navata-trainingskamp-48197177.html\" rel=\"nofollow noopener\" target=\"_blank\">Leeuwarder Courant<\/a>. &#8220;Er is geen winkel of restaurant in de buurt. Maar dat hoeft ook niet. We kunnen goed werken.&#8221; Teammanager Michiel de Boer krijgt dan ook de complimenten. &#8220;Teammanagers krijgen altijd gezeur en kritiek als iets niet goed gaat. Maar van de faciliteiten tot de reis \u00e9n het weer, vooralsnog verloopt alles voortvarend.&#8221;<\/p>\n<p>Tijdens het trainingskamp neemt Veldman de tijd voor persoonlijke gesprekken met zijn spelers. &#8220;Ik wil met iedereen even individueel praten. Hoe staan ze in de wedstrijd? Hoe gaat het thuis? Spelen er dingen die ik moet weten? Het is niet zo ingewikkeld allemaal, maar deze week is daar wel geschikt voor.&#8221;<\/p>\n<p>E\u00e9n speler ontbreekt in Spanje: V\u00e1clav Sejk. De spits wordt gelinkt aan een club uit Tsjechi\u00eb, maar zijn afwezigheid heeft volgens Veldman niets met een mogelijke transfer te maken. De aanvaller is namelijk ziek. &#8220;Mijn eerste reactie was ook: dit stinkt. Maar V\u00e1clav heeft het echt behoorlijk te pakken&#8221;, aldus Veldman. Zondag werd op <a href=\"https:\/\/www.feanonline.nl\/aan-transfer-gelinkte-sejk-onder-het-mes-vanwege-vervelende-kwaal\/\" rel=\"nofollow noopener\" target=\"_blank\">X gemeld <\/a>dat Sejk recent een blindedarmoperatie heeft ondergaan.<\/p>\n","protected":false},"excerpt":{"rendered":"SC Heerenveen werkt deze week aan een trainingskamp in Spanje. De ploeg van trainer Robin Veldman verblijft op&hellip;\n","protected":false},"author":2,"featured_media":103084,"comment_status":"","ping_status":"","sticky":false,"template":"","format":"standard","meta":{"footnotes":""},"categories":[21],"tags":[18159,48,22362,22360,22358,5300,46,47,49,45,50,22361,13685,481,92,91,22359,482,22363,1555,22357,3561,6116],"class_list":{"0":"post-103083","1":"post","2":"type-post","3":"status-publish","4":"format-standard","5":"has-post-thumbnail","7":"category-sport","8":"tag-anderhalf","9":"tag-dutch","10":"tag-geschikt","11":"tag-golfclub","12":"tag-locatie","13":"tag-luxe","14":"tag-nederland","15":"tag-nederlanden","16":"tag-nederlands","17":"tag-netherlands","18":"tag-nl","19":"tag-resort","20":"tag-rijden","21":"tag-robin","22":"tag-sport","23":"tag-sports","24":"tag-torremirona","25":"tag-trainer","26":"tag-trainingskamp","27":"tag-veldman","28":"tag-verblijft","29":"tag-week","30":"tag-werkt"},"share_on_mastodon":{"url":"https:\/\/pubeurope.com\/@nl\/115842696015789123","error":""},"_links":{"self":[{"href":"https:\/\/www.europesays.com\/nl\/wp-json\/wp\/v2\/posts\/103083","targetHints":{"allow":["GET"]}}],"collection":[{"href":"https:\/\/www.europesays.com\/nl\/wp-json\/wp\/v2\/posts"}],"about":[{"href":"https:\/\/www.europesays.com\/nl\/wp-json\/wp\/v2\/types\/post"}],"author":[{"embeddable":true,"href":"https:\/\/www.europesays.com\/nl\/wp-json\/wp\/v2\/users\/2"}],"replies":[{"embeddable":true,"href":"https:\/\/www.europesays.com\/nl\/wp-json\/wp\/v2\/comments?post=103083"}],"version-history":[{"count":0,"href":"https:\/\/www.europesays.com\/nl\/wp-json\/wp\/v2\/posts\/103083\/revisions"}],"wp:featuredmedia":[{"embeddable":true,"href":"https:\/\/www.europesays.com\/nl\/wp-json\/wp\/v2\/media\/103084"}],"wp:attachment":[{"href":"https:\/\/www.europesays.com\/nl\/wp-json\/wp\/v2\/media?parent=103083"}],"wp:term":[{"taxonomy":"category","embeddable":true,"href":"https:\/\/www.europesays.com\/nl\/wp-json\/wp\/v2\/categories?post=103083"},{"taxonomy":"post_tag","embeddable":true,"href":"https:\/\/www.europesays.com\/nl\/wp-json\/wp\/v2\/tags?post=103083"}],"curies":[{"name":"wp","href":"https:\/\/api.w.org\/{rel}","templated":true}]}}