{"id":103106,"date":"2026-01-05T13:42:07","date_gmt":"2026-01-05T13:42:07","guid":{"rendered":"https:\/\/www.europesays.com\/nl\/103106\/"},"modified":"2026-01-05T13:42:07","modified_gmt":"2026-01-05T13:42:07","slug":"ze-jatten-al-mijn-tv-ideeen","status":"publish","type":"post","link":"https:\/\/www.europesays.com\/nl\/103106\/","title":{"rendered":"\u2018Ze jatten al mijn tv-idee\u00ebn\u2019"},"content":{"rendered":"<p>Henny Huisman vindt dat hij niet alleen v\u00f3\u00f3r de schermen, maar ook \u00e1chter de schermen te weinig waardering krijgt van Hilversum. Hij beschuldigt de tv-bobo\u2019s van jatwerk. \u201cDat zijn mijn idee\u00ebn!\u201d<\/p>\n<p>        Door onze entertainmentredactie<\/p>\n<p>        <img fetchpriority=\"high\" decoding=\"async\" width=\"1280\" height=\"720\" src=\"https:\/\/www.europesays.com\/nl\/wp-content\/uploads\/2026\/01\/1118-Henny-Huisman.jpg\" class=\"attachment-post-thumbnail size-post-thumbnail wp-post-image\" alt=\"Henny Huisman\"  \/>        \u00a9 SBS    <\/p>\n<p>Het is voor Henny Huisman huilen met de pet op: al jaren probeert hij weer voet aan de grond te krijgen op het Media Park, maar niemand neemt hem aan. Niet alleen wordt hij door niemand meer aangenomen als presentator, maar ook als bedenker van tv-formats krijgt hij de handen niet bepaald op elkaar. En dat stemt hem zeer bedroefd.<\/p>\n<p>Jatwerk<\/p>\n<p>Henny denkt dat hij het in 2026 maar een beetje gaat opgeven. \u201cQua televisie hoef ik niet meer zo nodig. W\u00e9l bedenk ik nog steeds programma\u2019s, al is dat meer voor anderen. Die pitch ik\u201d, vertelt hij in de <a href=\"https:\/\/www.story.nl\/\" rel=\"nofollow noopener\" target=\"_blank\">Story<\/a>.<\/p>\n<p>Wat gebeurt er met die idee\u00ebn? \u201cVervolgens krijg ik dan te horen dat ze zelf al iets dergelijks hadden bedacht, en zie ik mijn programma-idee later terug op tv met een paar aanpassingen.\u201d<\/p>\n<p>Tien voorbeelden<\/p>\n<p>Jatwerk dus, aldus Henny. \u201cIk kan zo tien voorbeelden opnoemen, al zal ik geen titels verklappen. Maar dat is hoe het tegenwoordig werkt. Dus ik concentreer me liever op mijn leven met Lia.\u201d<\/p>\n<p>Lia vindt het wel fijn dat haar man gewoon thuis is. Vroeger kon ze hem nooit bereiken als hij in de studio stond, klaagt ze. \u201cEr waren destijds nog geen mobiele telefoons, zodat je even kon bellen of appen. Het gebeurde weleens dat ik \u2019s nachts wakker werd en Henny nog niet thuis was. Dan maakte ik me zorgen.\u201d<\/p>\n<p>Ah, het tijdperk postduif. Is Henny echt al z\u00f3 lang niet meer op televisie? Het valt ook niet mee\u2026<\/p>\n","protected":false},"excerpt":{"rendered":"Henny Huisman vindt dat hij niet alleen v\u00f3\u00f3r de schermen, maar ook \u00e1chter de schermen te weinig waardering&hellip;\n","protected":false},"author":2,"featured_media":103107,"comment_status":"","ping_status":"","sticky":false,"template":"","format":"standard","meta":{"footnotes":""},"categories":[28],"tags":[99,48,98,13871,46,47,49,45,50,124],"class_list":{"0":"post-103106","1":"post","2":"type-post","3":"status-publish","4":"format-standard","5":"has-post-thumbnail","7":"category-tv","8":"tag-amusement","9":"tag-dutch","10":"tag-entertainment","11":"tag-henny-huisman","12":"tag-nederland","13":"tag-nederlanden","14":"tag-nederlands","15":"tag-netherlands","16":"tag-nl","17":"tag-tv"},"share_on_mastodon":{"url":"https:\/\/pubeurope.com\/@nl\/115842786416543391","error":""},"_links":{"self":[{"href":"https:\/\/www.europesays.com\/nl\/wp-json\/wp\/v2\/posts\/103106","targetHints":{"allow":["GET"]}}],"collection":[{"href":"https:\/\/www.europesays.com\/nl\/wp-json\/wp\/v2\/posts"}],"about":[{"href":"https:\/\/www.europesays.com\/nl\/wp-json\/wp\/v2\/types\/post"}],"author":[{"embeddable":true,"href":"https:\/\/www.europesays.com\/nl\/wp-json\/wp\/v2\/users\/2"}],"replies":[{"embeddable":true,"href":"https:\/\/www.europesays.com\/nl\/wp-json\/wp\/v2\/comments?post=103106"}],"version-history":[{"count":0,"href":"https:\/\/www.europesays.com\/nl\/wp-json\/wp\/v2\/posts\/103106\/revisions"}],"wp:featuredmedia":[{"embeddable":true,"href":"https:\/\/www.europesays.com\/nl\/wp-json\/wp\/v2\/media\/103107"}],"wp:attachment":[{"href":"https:\/\/www.europesays.com\/nl\/wp-json\/wp\/v2\/media?parent=103106"}],"wp:term":[{"taxonomy":"category","embeddable":true,"href":"https:\/\/www.europesays.com\/nl\/wp-json\/wp\/v2\/categories?post=103106"},{"taxonomy":"post_tag","embeddable":true,"href":"https:\/\/www.europesays.com\/nl\/wp-json\/wp\/v2\/tags?post=103106"}],"curies":[{"name":"wp","href":"https:\/\/api.w.org\/{rel}","templated":true}]}}