{"id":103345,"date":"2026-01-05T17:45:14","date_gmt":"2026-01-05T17:45:14","guid":{"rendered":"https:\/\/www.europesays.com\/nl\/103345\/"},"modified":"2026-01-05T17:45:14","modified_gmt":"2026-01-05T17:45:14","slug":"excelsior-haalt-oude-bekende-transfervrij-terug-naar-de-eredivisie","status":"publish","type":"post","link":"https:\/\/www.europesays.com\/nl\/103345\/","title":{"rendered":"Excelsior haalt oude bekende transfervrij terug naar de Eredivisie"},"content":{"rendered":"<p>Excelsior heeft Emil Hansson teruggehaald naar Rotterdam. De Zweedse aanvaller komt over van Birmingham City, dat hem had uitgeleend aan Blackpool, maar daar kwam hij niet goed uit de verf.<\/p>\n<p>De Rotterdammers nemen de buitenspeler transfervrij over. De Zweed tekent voor een halfjaar bij Excelsior, waardoor de club geen transfersom aan Hansson zal verdienen, tenzij het contract verlengd wordt.<\/p>\n<p>De oud-Feyenoorder is maandag medisch gekeurd en heeft zich ook al gemeld op het trainingskamp van Excelsior. Het contract bij Birmingham is ontbonden, zodat de aanvaller naar Nederland kon komen.<\/p>\n<p>Volgens Transfermarkt heeft Hansson een marktwaarde van \u00e9\u00e9n miljoen euro. De Zweed vertrok in 2024 voor 1,75 miljoen euro van Heracles naar Birmingham, waar hij twee seizoenen speelde.<\/p>\n<p>In Nederland werd Hansson \u00e9\u00e9n keer kampioen van de Eredivisie, won hij \u00e9\u00e9n keer de beker en \u00e9\u00e9n keer de Johan Cruijff Schaal met Feyenoord. De linksbuiten werd ook \u00e9\u00e9n keer kampioen van de Keuken Kampioen Divisie met Heracles Almelo.<\/p>\n<p>Zijn beste seizoen kende de aanvaller in dienst van Heracles, waarin hij in 36 wedstrijden in de Keuken Kampioen Divisie goed was voor zestien doelpunten en negentien assists.<\/p>\n<p>Excelsior staat twaalfde in de Eredivisie met negentien punten uit zestien wedstrijden. Als de Rotterdammers de inhaalwedstrijd tegen AZ winnen, dan klimt het naar de elfde plek in de competitie.<\/p>\n","protected":false},"excerpt":{"rendered":"Excelsior heeft Emil Hansson teruggehaald naar Rotterdam. De Zweedse aanvaller komt over van Birmingham City, dat hem had&hellip;\n","protected":false},"author":2,"featured_media":103346,"comment_status":"","ping_status":"","sticky":false,"template":"","format":"standard","meta":{"footnotes":""},"categories":[21],"tags":[48,22431,4683,46,47,49,45,50,92,91,605],"class_list":{"0":"post-103345","1":"post","2":"type-post","3":"status-publish","4":"format-standard","5":"has-post-thumbnail","7":"category-sport","8":"tag-dutch","9":"tag-e-hansson","10":"tag-excelsior","11":"tag-nederland","12":"tag-nederlanden","13":"tag-nederlands","14":"tag-netherlands","15":"tag-nl","16":"tag-sport","17":"tag-sports","18":"tag-transfers"},"share_on_mastodon":{"url":"https:\/\/pubeurope.com\/@nl\/115843741957437953","error":""},"_links":{"self":[{"href":"https:\/\/www.europesays.com\/nl\/wp-json\/wp\/v2\/posts\/103345","targetHints":{"allow":["GET"]}}],"collection":[{"href":"https:\/\/www.europesays.com\/nl\/wp-json\/wp\/v2\/posts"}],"about":[{"href":"https:\/\/www.europesays.com\/nl\/wp-json\/wp\/v2\/types\/post"}],"author":[{"embeddable":true,"href":"https:\/\/www.europesays.com\/nl\/wp-json\/wp\/v2\/users\/2"}],"replies":[{"embeddable":true,"href":"https:\/\/www.europesays.com\/nl\/wp-json\/wp\/v2\/comments?post=103345"}],"version-history":[{"count":0,"href":"https:\/\/www.europesays.com\/nl\/wp-json\/wp\/v2\/posts\/103345\/revisions"}],"wp:featuredmedia":[{"embeddable":true,"href":"https:\/\/www.europesays.com\/nl\/wp-json\/wp\/v2\/media\/103346"}],"wp:attachment":[{"href":"https:\/\/www.europesays.com\/nl\/wp-json\/wp\/v2\/media?parent=103345"}],"wp:term":[{"taxonomy":"category","embeddable":true,"href":"https:\/\/www.europesays.com\/nl\/wp-json\/wp\/v2\/categories?post=103345"},{"taxonomy":"post_tag","embeddable":true,"href":"https:\/\/www.europesays.com\/nl\/wp-json\/wp\/v2\/tags?post=103345"}],"curies":[{"name":"wp","href":"https:\/\/api.w.org\/{rel}","templated":true}]}}