{"id":103397,"date":"2026-01-05T18:38:11","date_gmt":"2026-01-05T18:38:11","guid":{"rendered":"https:\/\/www.europesays.com\/nl\/103397\/"},"modified":"2026-01-05T18:38:11","modified_gmt":"2026-01-05T18:38:11","slug":"3-bijzonder-spannende-films-waar-je-nog-steeds-nachtmerries-van-kunt-krijgen","status":"publish","type":"post","link":"https:\/\/www.europesays.com\/nl\/103397\/","title":{"rendered":"3 bijzonder spannende films waar je nog steeds nachtmerries van kunt krijgen"},"content":{"rendered":"<p>        Op de verschillende streaming- en vod-diensten vind je heel veel films, waardoor je soms door de bomen het bos niet meer ziet. FilmTotaal heeft vandaag drie thrillers voor je uitgezocht die je gezien moet hebben.<\/p>\n<p><a href=\"https:\/\/www.filmtotaal.nl\/film\/13971\" rel=\"nofollow noopener\" target=\"_blank\">[Rec]<\/a> (2007)<\/p>\n<p><img decoding=\"async\" src=\"https:\/\/www.europesays.com\/nl\/wp-content\/uploads\/2026\/01\/so7hxbm7js.jpg\" style=\"float: right;margin: 0 0 15px 15px;max-width:150px;\"\/>Regie: <a href=\"https:\/\/www.filmtotaal.nl\/persoon\/56344\" rel=\"nofollow noopener\" target=\"_blank\">Jaume Balaguer\u00f3<\/a>, <a href=\"https:\/\/www.filmtotaal.nl\/persoon\/69962\" rel=\"nofollow noopener\" target=\"_blank\">Paco Plaza<\/a> | Cast: <a href=\"https:\/\/www.filmtotaal.nl\/persoon\/89622\" rel=\"nofollow noopener\" target=\"_blank\">Manuela Velasco<\/a>, <a href=\"https:\/\/www.filmtotaal.nl\/persoon\/101638\" rel=\"nofollow noopener\" target=\"_blank\">Ferran Terraza<\/a>, <a href=\"https:\/\/www.filmtotaal.nl\/persoon\/101639\" rel=\"nofollow noopener\" target=\"_blank\">Jorge Serrano<\/a> | Onze <a href=\"https:\/\/www.filmtotaal.nl\/recensie\/11859\" rel=\"nofollow noopener\" target=\"_blank\">recensie<\/a> | <a href=\"https:\/\/v2.videoland.com\/rec-p_5053\" target=\"_blank\" rel=\"nofollow noreferrer noopener\">Kijk op Videoland<\/a>Een lokaal tv-team volgt een ploeg brandweerlieden voor een nachtelijke reportage. Hun routineklus verandert plots in een nachtmerrie wanneer ze een vrouw uit haar appartement proberen te redden. Wat begint als een mysterieuze situatie ontaardt al snel in chaos, terwijl iets kwaadaardigs zich onverbiddelijk verspreidt door het gebouw.<\/p>\n<p><a href=\"https:\/\/www.filmtotaal.nl\/film\/37322\" rel=\"nofollow noopener\" target=\"_blank\">Fall<\/a> (2022)<\/p>\n<p><img decoding=\"async\" src=\"https:\/\/www.europesays.com\/nl\/wp-content\/uploads\/2026\/01\/5weyd0bjjy.jpg\" style=\"float: right;margin: 0 0 15px 15px;max-width:150px;\"\/>Regie: <a href=\"https:\/\/www.filmtotaal.nl\/persoon\/124132\" rel=\"nofollow noopener\" target=\"_blank\">Scott Mann<\/a> | Cast: <a href=\"https:\/\/www.filmtotaal.nl\/persoon\/73654\" rel=\"nofollow noopener\" target=\"_blank\">Grace Caroline Currey<\/a>, <a href=\"https:\/\/www.filmtotaal.nl\/persoon\/165633\" rel=\"nofollow noopener\" target=\"_blank\">Virginia Gardner<\/a>, <a href=\"https:\/\/www.filmtotaal.nl\/persoon\/181905\" rel=\"nofollow noopener\" target=\"_blank\">Jeffrey Dean Morgan<\/a> | Onze <a href=\"https:\/\/www.filmtotaal.nl\/recensie\/16300\" rel=\"nofollow noopener\" target=\"_blank\">recensie<\/a> | <a href=\"https:\/\/www.primevideo.com\/detail\/Fall\/0S7JJDP9FXUT9MCC9J441EVTBJ\" target=\"_blank\" rel=\"nofollow noreferrer noopener\">Kijk op Prime Video<\/a>Twee avontuurlijke vrouwen beklimmen een verlaten zendmast voor een gewaagde stunt, maar raken op het hoogste punt volledig ge\u00efsoleerd. Met niets dan de wind, zon en hun eigen angsten als gezelschap, begint een overlevingsstrijd waarbij elke verkeerde zet fataal kan zijn.<\/p>\n<p><a href=\"https:\/\/www.filmtotaal.nl\/film\/20653\" rel=\"nofollow noopener\" target=\"_blank\">Evil Dead<\/a> (2013)<\/p>\n<p><img decoding=\"async\" src=\"https:\/\/www.europesays.com\/nl\/wp-content\/uploads\/2026\/01\/kng1a1hh7k.jpg\" style=\"float: right;margin: 0 0 15px 15px;max-width:150px;\"\/>Regie: <a href=\"https:\/\/www.filmtotaal.nl\/persoon\/145478\" rel=\"nofollow noopener\" target=\"_blank\">Fede Alvarez<\/a> | Cast: <a href=\"https:\/\/www.filmtotaal.nl\/persoon\/156004\" rel=\"nofollow noopener\" target=\"_blank\">Jane Levy<\/a>, <a href=\"https:\/\/www.filmtotaal.nl\/persoon\/105539\" rel=\"nofollow noopener\" target=\"_blank\">Shiloh Fernandez<\/a>, <a href=\"https:\/\/www.filmtotaal.nl\/persoon\/90888\" rel=\"nofollow noopener\" target=\"_blank\">Lou Taylor Pucci<\/a> | Onze <a href=\"https:\/\/www.filmtotaal.nl\/recensie\/9752\" rel=\"nofollow noopener\" target=\"_blank\">recensie<\/a> | <a href=\"https:\/\/www.hbomax.com\/nl\/nl\/movies\/evil-dead\/e94a6dcc-843e-4dfb-8669-49488daf9489\" target=\"_blank\" rel=\"nofollow noreferrer noopener\">Kijk op HBO Max<\/a>Vijf vrienden trekken zich terug in een afgelegen boshut, waar ze een mysterieus boek aantreffen: het &#8216;Book of the Dead&#8217;. Door het voorlezen uit het boek ontwaken duistere krachten die hen \u00e9\u00e9n voor \u00e9\u00e9n bezeten maken. Wat begon als een onschuldige trip, eindigt in een bloederige nachtmerrie.<\/p>\n","protected":false},"excerpt":{"rendered":"Op de verschillende streaming- en vod-diensten vind je heel veel films, waardoor je soms door de bomen het&hellip;\n","protected":false},"author":2,"featured_media":103398,"comment_status":"","ping_status":"","sticky":false,"template":"","format":"standard","meta":{"footnotes":""},"categories":[26],"tags":[99,48,98,102,103,101,46,47,49,45,50],"class_list":{"0":"post-103397","1":"post","2":"type-post","3":"status-publish","4":"format-standard","5":"has-post-thumbnail","7":"category-films","8":"tag-amusement","9":"tag-dutch","10":"tag-entertainment","11":"tag-film","12":"tag-films","13":"tag-movies","14":"tag-nederland","15":"tag-nederlanden","16":"tag-nederlands","17":"tag-netherlands","18":"tag-nl"},"share_on_mastodon":{"url":"https:\/\/pubeurope.com\/@nl\/115843950445519046","error":""},"_links":{"self":[{"href":"https:\/\/www.europesays.com\/nl\/wp-json\/wp\/v2\/posts\/103397","targetHints":{"allow":["GET"]}}],"collection":[{"href":"https:\/\/www.europesays.com\/nl\/wp-json\/wp\/v2\/posts"}],"about":[{"href":"https:\/\/www.europesays.com\/nl\/wp-json\/wp\/v2\/types\/post"}],"author":[{"embeddable":true,"href":"https:\/\/www.europesays.com\/nl\/wp-json\/wp\/v2\/users\/2"}],"replies":[{"embeddable":true,"href":"https:\/\/www.europesays.com\/nl\/wp-json\/wp\/v2\/comments?post=103397"}],"version-history":[{"count":0,"href":"https:\/\/www.europesays.com\/nl\/wp-json\/wp\/v2\/posts\/103397\/revisions"}],"wp:featuredmedia":[{"embeddable":true,"href":"https:\/\/www.europesays.com\/nl\/wp-json\/wp\/v2\/media\/103398"}],"wp:attachment":[{"href":"https:\/\/www.europesays.com\/nl\/wp-json\/wp\/v2\/media?parent=103397"}],"wp:term":[{"taxonomy":"category","embeddable":true,"href":"https:\/\/www.europesays.com\/nl\/wp-json\/wp\/v2\/categories?post=103397"},{"taxonomy":"post_tag","embeddable":true,"href":"https:\/\/www.europesays.com\/nl\/wp-json\/wp\/v2\/tags?post=103397"}],"curies":[{"name":"wp","href":"https:\/\/api.w.org\/{rel}","templated":true}]}}