{"id":103474,"date":"2026-01-05T19:53:36","date_gmt":"2026-01-05T19:53:36","guid":{"rendered":"https:\/\/www.europesays.com\/nl\/103474\/"},"modified":"2026-01-05T19:53:36","modified_gmt":"2026-01-05T19:53:36","slug":"massale-kritiek-op-tui-na-vluchtannuleringen-richting-abc-eilanden","status":"publish","type":"post","link":"https:\/\/www.europesays.com\/nl\/103474\/","title":{"rendered":"Massale kritiek op TUI na vluchtannuleringen richting ABC-eilanden"},"content":{"rendered":"<p class=\"font-bold article-intro\">\n    KRALENDIJK &#8211; Op sociale media is de afgelopen zondag massaal gereageerd op het statement van TUI over de annuleringen en vertragingen van vluchten van en naar Cura\u00e7ao en Bonaire. Aanleiding is de tijdelijke sluiting van het luchtruim boven Venezuela, waardoor meerdere vluchten rond de jaarwisseling niet konden doorgaan. Vooral de communicatie en afhandeling door TUI liggen onder vuur bij reizigers.\n<\/p>\n<p>\n    De discussie kwam op gang na een uitgebreid bericht van politica Giselle Marie McWilliam op sociale media. Zij sprak van \u201cnalatigheid\u201d en \u201cmoreel falen\u201d en stelde dat passagiers door TUI als nummers werden behandeld en aan hun lot werden overgelaten. Volgens haar moesten reizigers zelf extra kosten maken voor verblijf, vervoer en omboeken, terwijl duidelijke informatie ontbrak.\n<\/p>\n<p>\n    In de reacties sloten tientallen andere passagiers zich daarbij aan. Zij beschrijven chaotische situaties op Schiphol en op de eilanden, tegenstrijdige instructies van personeel en een gebrek aan structurele updates. Met name gezinnen met kinderen, ouderen en mensen met medische problemen zouden hierdoor in grote onzekerheid zijn geraakt.\n<\/p>\n<p>\n    Reactie TUI: overmacht en extra vluchten\n<\/p>\n<p>\n    TUI reageerde publiekelijk op de kritiek en spreekt van een situatie van overmacht. Volgens de reisorganisatie werd iedereen \u201covervallen\u201d door de luchtruimbeperking en stond veiligheid voorop. In totaal zouden circa 1.800 TUI-reizigers zijn getroffen: ongeveer 900 die niet van Nederland naar Cura\u00e7ao konden vertrekken en 900 die niet terug konden vliegen naar Nederland.\n<\/p>\n<p>\n    De reisorganisatie benadrukt dat voor reizigers met een pakketreis de accommodaties op Cura\u00e7ao en Bonaire zijn verlengd, volledig geregeld en betaald door TUI. Voor reizigers die alleen een vliegticket hadden geboekt, is gevraagd zelf een verblijf te regelen, omdat TUI niet weet waar zij verblijven en het in de drukke kerstperiode onmogelijk is om voor iedereen direct onderdak te vinden.\n<\/p>\n<p>\n    Daarnaast zet TUI extra vluchten in. Een eerste extra vlucht vertrok op 4 januari vanuit Amsterdam en keert op 5 januari via Cura\u00e7ao en Bonaire terug naar Nederland. Ook wordt gewerkt aan meerdere aanvullende ophaalvluchten. Passagiers die zijn ingedeeld op deze vluchten zouden hierover per sms worden ge\u00efnformeerd.\n<\/p>\n<p>\n    Kritiek op communicatie houdt aan\n<\/p>\n<p>\n    Ondanks deze uitleg blijft de onvrede groot. Reizigers geven aan geen of tegenstrijdige berichten te hebben ontvangen, terwijl sommigen al zelf dure vervangende tickets of hotels boekten. Ook wordt geklaagd over onduidelijkheid rond standby-kosten, de garantie op een plek in extra vluchten en de vergoeding van extra gemaakte uitgaven.\n<\/p>\n<p>\n    Een passagier die samen met haar man op Schiphol strandde, stelt dat zij meerdere keren haar gegevens heeft achtergelaten maar tot op heden niets van TUI heeft vernomen. Anderen melden dat zij pas via sociale media hoorden van extra vluchten, terwijl zij geen persoonlijke bevestiging kregen.\n<\/p>\n<p>\n    Op Bonaire en Cura\u00e7ao uiten vooral reizigers met losse tickets hun zorgen. In \u00e9\u00e9n geval werd melding gemaakt van een gezin met diabetespati\u00ebnten waarvan de medicatie bijna op is. Zij geven aan geen enkel repatri\u00ebringsbericht te hebben ontvangen en zich volledig genegeerd te voelen.\n<\/p>\n<p>\n    TUI belooft verbetering\n<\/p>\n<p>\n    In aanvullende reacties erkent TUI dat de situatie chaotisch en extreem vervelend is geweest. De organisatie zegt begrip te hebben voor de frustratie en benadrukt dat extra vluchten mede zijn ingezet om eilandbewoners zo snel mogelijk weer naar huis te brengen. Ook stelt TUI dat er geen vakantiereizen zijn verkocht op deze extra vluchten en dat verdere communicatie volgt zodra nieuwe vluchten definitief zijn.\n<\/p>\n<p>\n    De discussie laat zien hoe groot de impact van de annuleringen is en hoe gevoelig de afhandeling ligt. Hoewel TUI stelt alles te doen wat binnen haar mogelijkheden ligt, blijven veel reizigers aandringen op betere communicatie, duidelijkheid over compensatie en een zorgplicht die volgens hen onvoldoende is nagekomen.<\/p>\n","protected":false},"excerpt":{"rendered":"KRALENDIJK &#8211; Op sociale media is de afgelopen zondag massaal gereageerd op het statement van TUI over de&hellip;\n","protected":false},"author":2,"featured_media":103475,"comment_status":"","ping_status":"","sticky":false,"template":"","format":"standard","meta":{"footnotes":""},"categories":[17],"tags":[73,74,48,46,47,49,45,50,75],"class_list":{"0":"post-103474","1":"post","2":"type-post","3":"status-publish","4":"format-standard","5":"has-post-thumbnail","7":"category-zakelijk","8":"tag-business","9":"tag-commercial","10":"tag-dutch","11":"tag-nederland","12":"tag-nederlanden","13":"tag-nederlands","14":"tag-netherlands","15":"tag-nl","16":"tag-zakelijk"},"share_on_mastodon":{"url":"https:\/\/pubeurope.com\/@nl\/115844245385468369","error":""},"_links":{"self":[{"href":"https:\/\/www.europesays.com\/nl\/wp-json\/wp\/v2\/posts\/103474","targetHints":{"allow":["GET"]}}],"collection":[{"href":"https:\/\/www.europesays.com\/nl\/wp-json\/wp\/v2\/posts"}],"about":[{"href":"https:\/\/www.europesays.com\/nl\/wp-json\/wp\/v2\/types\/post"}],"author":[{"embeddable":true,"href":"https:\/\/www.europesays.com\/nl\/wp-json\/wp\/v2\/users\/2"}],"replies":[{"embeddable":true,"href":"https:\/\/www.europesays.com\/nl\/wp-json\/wp\/v2\/comments?post=103474"}],"version-history":[{"count":0,"href":"https:\/\/www.europesays.com\/nl\/wp-json\/wp\/v2\/posts\/103474\/revisions"}],"wp:featuredmedia":[{"embeddable":true,"href":"https:\/\/www.europesays.com\/nl\/wp-json\/wp\/v2\/media\/103475"}],"wp:attachment":[{"href":"https:\/\/www.europesays.com\/nl\/wp-json\/wp\/v2\/media?parent=103474"}],"wp:term":[{"taxonomy":"category","embeddable":true,"href":"https:\/\/www.europesays.com\/nl\/wp-json\/wp\/v2\/categories?post=103474"},{"taxonomy":"post_tag","embeddable":true,"href":"https:\/\/www.europesays.com\/nl\/wp-json\/wp\/v2\/tags?post=103474"}],"curies":[{"name":"wp","href":"https:\/\/api.w.org\/{rel}","templated":true}]}}