{"id":104135,"date":"2026-01-06T13:24:13","date_gmt":"2026-01-06T13:24:13","guid":{"rendered":"https:\/\/www.europesays.com\/nl\/104135\/"},"modified":"2026-01-06T13:24:13","modified_gmt":"2026-01-06T13:24:13","slug":"brandveiligheid-van-cafe-crans-montana-was-al-jaren-niet-gecontroleerd","status":"publish","type":"post","link":"https:\/\/www.europesays.com\/nl\/104135\/","title":{"rendered":"Brandveiligheid van caf\u00e9 Crans-Montana was al jaren niet gecontroleerd"},"content":{"rendered":"<p><img alt=\"\" decoding=\"async\" loading=\"eager\" src=\"https:\/\/www.europesays.com\/nl\/wp-content\/uploads\/2026\/01\/1767697568_966_1024x576a.jpg\" class=\"sc-bcb3b750-1 cULYcE\"\/>ANPBloemen en kaarsen worden neergelegd als eerbetoon aan de slachtoffers van de brand in de bar en lounge \u2018Le Constellation\u2019 in Crans-Montana, Zwitserland, 5 januari 2026<\/p>\n<p>NOS Nieuws\u2022vandaag, 11:08\u2022Aangepast vandaag, 12:31<\/p>\n<p class=\"sc-2ea02837-0 fedhGB\" id=\"579081896891170\">De brandveiligheid van het caf\u00e9 in het Zwitserse Crans-Montana was ruim zes jaar geleden voor het laatst gecontroleerd. Dat heeft burgemeester F\u00e9raud bekendgemaakt op een persconferentie. Bij de caf\u00e9brand tijdens <a data-tracking=\"elementType=page|elementId=https:\/\/nos.nl\/artikel\/2596707-circa-40-doden-en-115-gewonden-in-bar-zwitserland-een-van-de-ergste-tragedies-in-ons-land|eventType=navigation|eventName=open\" target=\"_self\" href=\"https:\/\/nos.nl\/artikel\/2596707-circa-40-doden-en-115-gewonden-in-bar-zwitserland-een-van-de-ergste-tragedies-in-ons-land\" rel=\"nofollow noopener\">nieuwsjaarsnacht<\/a> kwamen veertig mensen om het leven en raakten 119 mensen gewond. De meeste slachtoffers waren jongeren.<\/p>\n<p class=\"sc-2ea02837-0 fedhGB\" id=\"418801494652558\">Volgens F\u00e9raud moeten dit soort horecagelegenheden jaarlijks onderzocht worden. Daarbij wordt onder meer naar brandblussers en vluchtroutes gekeken. In 2019 werd de bar Le Constellation voor het laatst ge\u00efnspecteerd. Volgens de burgemeester waren er toen geen lopende problemen bekend.<\/p>\n<p class=\"sc-2ea02837-0 fedhGB\" id=\"150317174126862\">De brand ontstond rond 01.30 uur in de kelder van de bar. Op beelden is het vermoedelijke begin van de brand te zien. Mensen hebben flessen vast met <a data-tracking=\"elementType=page|elementId=https:\/\/nos.nl\/artikel\/2596745-van-overgrote-deel-gewonden-brand-crans-montana-is-toestand-kritiek|eventType=navigation|eventName=open\" target=\"_self\" href=\"https:\/\/nos.nl\/artikel\/2596745-van-overgrote-deel-gewonden-brand-crans-montana-is-toestand-kritiek\" rel=\"nofollow noopener\">ijsfonteinen<\/a>, die te dicht bij materiaal aan het plafond komen, dat vervolgens vlamvat. De brand ontwikkelde zich vrijwel onmiddellijk tot een vuurzee.<\/p>\n<p>Strafrechtelijk onderzoek<\/p>\n<p class=\"sc-2ea02837-0 fedhGB\" id=\"834554936429906\">De geluidswerende matten die aan het plafond waren ge\u00efnstalleerd, waren volgens F\u00e9raud nooit op brandveiligheid getest. Hij verontschuldigde zich voor het feit dat de bar al ruim zes jaar niet was gecontroleerd op brandveiligheid. Ook zei hij tegen journalisten dat het een &#8220;no-brainer&#8221; is om de ijsfonteinen die in zulke locaties worden aangestoken, voorlopig te verbieden.<\/p>\n<p class=\"sc-2ea02837-0 fedhGB\" id=\"146395230822660\">De gemeente is vijf dagen na de dodelijke brand &#8220;nog altijd in shock&#8221;, zei F\u00e9raud. Hij kondigde aan dat een externe partij alsnog alle horecagelegenheden gaat inspecteren.<\/p>\n<p class=\"sc-2ea02837-0 fedhGB\" id=\"275182213018318\">Tijdens de jaarwisseling brak brand uit in de bar in het skioord. Doordat de vluchtroute in de kelder slechts uit \u00e9\u00e9n trap omhoog bestond, konden vele bezoekers geen kant op.<\/p>\n<p class=\"sc-2ea02837-0 fedhGB\" id=\"38779785342216\">De Zwitserse politie is een strafrechtelijk onderzoek begonnen naar de twee uitbaters van de bar in Crans-Montana. F\u00e9raud zei tijdens de persconferentie dat hij niet zal aftreden als gevolg van de dodelijke brand. &#8220;Ik verlaat het schip niet in het midden van een storm.&#8221;<\/p>\n","protected":false},"excerpt":{"rendered":"ANPBloemen en kaarsen worden neergelegd als eerbetoon aan de slachtoffers van de brand in de bar en lounge&hellip;\n","protected":false},"author":2,"featured_media":104002,"comment_status":"","ping_status":"","sticky":false,"template":"","format":"standard","meta":{"footnotes":""},"categories":[15],"tags":[267,39,40,21886,48,43,44,34,35,1958,41,42,46,47,49,45,32,33,50,36,37,38,67,64,65,66,3817],"class_list":{"0":"post-104135","1":"post","2":"type-post","3":"status-publish","4":"format-standard","5":"has-post-thumbnail","7":"category-wereld","8":"tag-brand","9":"tag-breaking-news","10":"tag-breakingnews","11":"tag-crans-montana","12":"tag-dutch","13":"tag-featured-news","14":"tag-featurednews","15":"tag-headlines","16":"tag-hoofdpunten","17":"tag-inspectie","18":"tag-latest-news","19":"tag-latestnews","20":"tag-nederland","21":"tag-nederlanden","22":"tag-nederlands","23":"tag-netherlands","24":"tag-news","25":"tag-nieuws","26":"tag-nl","27":"tag-top-stories","28":"tag-topstories","29":"tag-voorpaginanieuws","30":"tag-wereld","31":"tag-world","32":"tag-world-news","33":"tag-worldnews","34":"tag-zwitserland"},"share_on_mastodon":{"url":"https:\/\/pubeurope.com\/@nl\/115848378170858504","error":""},"_links":{"self":[{"href":"https:\/\/www.europesays.com\/nl\/wp-json\/wp\/v2\/posts\/104135","targetHints":{"allow":["GET"]}}],"collection":[{"href":"https:\/\/www.europesays.com\/nl\/wp-json\/wp\/v2\/posts"}],"about":[{"href":"https:\/\/www.europesays.com\/nl\/wp-json\/wp\/v2\/types\/post"}],"author":[{"embeddable":true,"href":"https:\/\/www.europesays.com\/nl\/wp-json\/wp\/v2\/users\/2"}],"replies":[{"embeddable":true,"href":"https:\/\/www.europesays.com\/nl\/wp-json\/wp\/v2\/comments?post=104135"}],"version-history":[{"count":0,"href":"https:\/\/www.europesays.com\/nl\/wp-json\/wp\/v2\/posts\/104135\/revisions"}],"wp:featuredmedia":[{"embeddable":true,"href":"https:\/\/www.europesays.com\/nl\/wp-json\/wp\/v2\/media\/104002"}],"wp:attachment":[{"href":"https:\/\/www.europesays.com\/nl\/wp-json\/wp\/v2\/media?parent=104135"}],"wp:term":[{"taxonomy":"category","embeddable":true,"href":"https:\/\/www.europesays.com\/nl\/wp-json\/wp\/v2\/categories?post=104135"},{"taxonomy":"post_tag","embeddable":true,"href":"https:\/\/www.europesays.com\/nl\/wp-json\/wp\/v2\/tags?post=104135"}],"curies":[{"name":"wp","href":"https:\/\/api.w.org\/{rel}","templated":true}]}}