{"id":104198,"date":"2026-01-06T14:37:13","date_gmt":"2026-01-06T14:37:13","guid":{"rendered":"https:\/\/www.europesays.com\/nl\/104198\/"},"modified":"2026-01-06T14:37:13","modified_gmt":"2026-01-06T14:37:13","slug":"adam-sandler-heeft-een-absolute-hekel-aan-een-bepaald-type-scene","status":"publish","type":"post","link":"https:\/\/www.europesays.com\/nl\/104198\/","title":{"rendered":"Adam Sandler heeft een absolute hekel aan \u00e9\u00e9n bepaald type sc\u00e8ne"},"content":{"rendered":"<p>        Ondanks dat veel <a href=\"https:\/\/www.filmtotaal.nl\/persoon\/14100\" rel=\"nofollow noopener\" target=\"_blank\">Adam Sandler<\/a> zullen kennen van zijn komische rollen, blinkt de acteur ook uit in zijn dramatische rollen, zoals in <a href=\"https:\/\/www.filmtotaal.nl\/film\/33104\" rel=\"nofollow noopener\" target=\"_blank\">Uncut Gems<\/a> en <a href=\"https:\/\/www.filmtotaal.nl\/film\/42284\" rel=\"nofollow noopener\" target=\"_blank\">Jay Kelly<\/a>, maar helaas voor de acteur hebben dramatische rollen vaak \u00e9\u00e9n soort sc\u00e8ne die Sandler graag vermijdt.<\/p>\n<p>Sandler nam onlangs plaats aan de &#8216;Actor Roundtable&#8217; van The Hollywood Reporter, waar hij sprak over zijn rol als manager Ron Sukenick in Jay Kelly en de momenten die hem van zijn stuk brachten tijdens de opnames van de dramafilm.<\/p>\n<p>Helemaal overstuur<br \/>&#8220;Als je in het script ziet dat je personage helemaal overstuur is en huilt, denk je: &#8216;Verdomme,&#8221; zei de acteur. &#8220;Daar word ik normaal gesproken niet zo enthousiast van.&#8221;<\/p>\n<p>Hij vervolgde: &#8220;In het echte leven heb ik denk ik maar \u00e9\u00e9n keer gehuild, ik ben gewoon niet iemand die veel huilt. Maar in deze film waren er wel drie of vier van die momenten.&#8221;<\/p>\n<p>Een rotdag<br \/>&#8220;De week ervoor dacht ik steeds: &#8216;Die verdomde woensdag wordt echt een rotdag. Ik ga iedereen teleurstellen. Hoe moet ik in godsnaam huilen?'&#8221; aldus Sandler.<\/p>\n<p>Jay Kelly, geregisseerd door <a href=\"https:\/\/www.filmtotaal.nl\/persoon\/24611\" rel=\"nofollow noopener\" target=\"_blank\">Noah Baumbach<\/a>, volgt een beroemde filmacteur (George Clooney) en zijn toegewijde manager Ron op een bewogen en onverwacht diepgaande reis door Europa. Onderweg worden beide mannen geconfronteerd met de keuzes die ze hebben gemaakt, de relaties met hun geliefden en hun nalatenschap.<\/p>\n","protected":false},"excerpt":{"rendered":"Ondanks dat veel Adam Sandler zullen kennen van zijn komische rollen, blinkt de acteur ook uit in zijn&hellip;\n","protected":false},"author":2,"featured_media":104199,"comment_status":"","ping_status":"","sticky":false,"template":"","format":"standard","meta":{"footnotes":""},"categories":[31],"tags":[99,147,48,98,46,47,49,45,50],"class_list":{"0":"post-104198","1":"post","2":"type-post","3":"status-publish","4":"format-standard","5":"has-post-thumbnail","7":"category-celebrities","8":"tag-amusement","9":"tag-celebrities","10":"tag-dutch","11":"tag-entertainment","12":"tag-nederland","13":"tag-nederlanden","14":"tag-nederlands","15":"tag-netherlands","16":"tag-nl"},"share_on_mastodon":{"url":"https:\/\/pubeurope.com\/@nl\/115848664990740133","error":""},"_links":{"self":[{"href":"https:\/\/www.europesays.com\/nl\/wp-json\/wp\/v2\/posts\/104198","targetHints":{"allow":["GET"]}}],"collection":[{"href":"https:\/\/www.europesays.com\/nl\/wp-json\/wp\/v2\/posts"}],"about":[{"href":"https:\/\/www.europesays.com\/nl\/wp-json\/wp\/v2\/types\/post"}],"author":[{"embeddable":true,"href":"https:\/\/www.europesays.com\/nl\/wp-json\/wp\/v2\/users\/2"}],"replies":[{"embeddable":true,"href":"https:\/\/www.europesays.com\/nl\/wp-json\/wp\/v2\/comments?post=104198"}],"version-history":[{"count":0,"href":"https:\/\/www.europesays.com\/nl\/wp-json\/wp\/v2\/posts\/104198\/revisions"}],"wp:featuredmedia":[{"embeddable":true,"href":"https:\/\/www.europesays.com\/nl\/wp-json\/wp\/v2\/media\/104199"}],"wp:attachment":[{"href":"https:\/\/www.europesays.com\/nl\/wp-json\/wp\/v2\/media?parent=104198"}],"wp:term":[{"taxonomy":"category","embeddable":true,"href":"https:\/\/www.europesays.com\/nl\/wp-json\/wp\/v2\/categories?post=104198"},{"taxonomy":"post_tag","embeddable":true,"href":"https:\/\/www.europesays.com\/nl\/wp-json\/wp\/v2\/tags?post=104198"}],"curies":[{"name":"wp","href":"https:\/\/api.w.org\/{rel}","templated":true}]}}