{"id":104349,"date":"2026-01-06T16:57:07","date_gmt":"2026-01-06T16:57:07","guid":{"rendered":"https:\/\/www.europesays.com\/nl\/104349\/"},"modified":"2026-01-06T16:57:07","modified_gmt":"2026-01-06T16:57:07","slug":"helene-hendriks-walgt-van-een-voetballer-wat-een-eikel","status":"publish","type":"post","link":"https:\/\/www.europesays.com\/nl\/104349\/","title":{"rendered":"H\u00e9l\u00e8ne Hendriks walgt van \u00e9\u00e9n voetballer: &#8220;Wat een eikel&#8221;"},"content":{"rendered":"<p><a href=\"https:\/\/www.soccernews.nl\/media\/helene-hendriks\/\" rel=\"nofollow noopener\" target=\"_blank\">H\u00e9l\u00e8ne Hendriks<\/a> heeft in haar carri\u00e8re natuurlijk al een hele hoop voetballers voor de camera gehad. In de HNM Podcast noemt de presentatrice \u00e9\u00e9n van hen \u2018een eikel\u2019 en \u2018een lul\u2019: Diego Costa.<\/p>\n<p>Diego Costa hoestte bewust iedereen in het gezicht tijdens coronaperiode<\/p>\n<p>\u201cWeet je wie heel vriendelijk is? Diego Costa!\u201d, zegt Hendriks cynisch. \u201cDiego Costa is nou niet bepaald een gezellige voetballer. Ik begin erover, omdat ik deze week een foto van hem voorbij zag komen op internet. Maar hij speelde destijds voor Atl\u00e9tico Madrid tegen Liverpool.\u201d<\/p>\n<p>\u201cHet was de laatste Champions League-wedstrijd voordat de periode met het coronavirus uitbrak. In de catacomben moest ik na de wedstrijd spelers interviewen. Ik moest Diego Costa spreken. Hij kwam aanlopen en begon bij iedereen die daar stond in het gezicht te hoesten. Net toen corona begon. En ik word niet snel boos, maar ik wilde achter hem aan gaan lopen en zeggen: wat flik je me nou?\u201d<\/p>\n<p>\u201cHij hoestte echt recht in mijn gezicht. Toen hadden we nog geen mondkapjes op. Maar voor de verbinding met Nederland zat ik vast aan een draad en ik liep achter Diego Costa aan, dus die hele camera viel om. Ik wist niet wat me overkwam, ik vond het echt schandalig! Twee dagen later had ik echt corona. Ik wil niet zeggen dat het van hem is, want ik zat in een druk stadion. Wat een eikel! Wat een lul!\u201d<\/p>\n<p>        Ben jij fan van Diego Costa?    <\/p>\n<ul class=\"bc-poll__options gap-4 list-unstyled bc-poll__voted-remove\">\n<li class=\"bc-poll__option fs-8 fw-bold p-2 mb-4 bg-black text-white text-success-hover\" data-bc-option-id=\"1\" data-bc-selected-classes=\"text-success\" data-bc-icon-name-default=\"square-fill\" data-bc-icon-name-selected=\"check-square\" data-bc-icon-name-selected-classes=\"text-success me-2\">\n<p>                                Ja            <\/li>\n<li class=\"bc-poll__option fs-8 fw-bold p-2 mb-4 bg-black text-white text-success-hover\" data-bc-option-id=\"2\" data-bc-selected-classes=\"text-success\" data-bc-icon-name-default=\"square-fill\" data-bc-icon-name-selected=\"check-square\" data-bc-icon-name-selected-classes=\"text-success me-2\">\n<p>                                Nee            <\/li>\n<\/ul>\n","protected":false},"excerpt":{"rendered":"H\u00e9l\u00e8ne Hendriks heeft in haar carri\u00e8re natuurlijk al een hele hoop voetballers voor de camera gehad. In de&hellip;\n","protected":false},"author":2,"featured_media":104350,"comment_status":"","ping_status":"","sticky":false,"template":"","format":"standard","meta":{"footnotes":""},"categories":[31],"tags":[99,147,48,98,46,47,49,45,50],"class_list":{"0":"post-104349","1":"post","2":"type-post","3":"status-publish","4":"format-standard","5":"has-post-thumbnail","7":"category-celebrities","8":"tag-amusement","9":"tag-celebrities","10":"tag-dutch","11":"tag-entertainment","12":"tag-nederland","13":"tag-nederlanden","14":"tag-nederlands","15":"tag-netherlands","16":"tag-nl"},"share_on_mastodon":{"url":"https:\/\/pubeurope.com\/@nl\/115849215494732185","error":""},"_links":{"self":[{"href":"https:\/\/www.europesays.com\/nl\/wp-json\/wp\/v2\/posts\/104349","targetHints":{"allow":["GET"]}}],"collection":[{"href":"https:\/\/www.europesays.com\/nl\/wp-json\/wp\/v2\/posts"}],"about":[{"href":"https:\/\/www.europesays.com\/nl\/wp-json\/wp\/v2\/types\/post"}],"author":[{"embeddable":true,"href":"https:\/\/www.europesays.com\/nl\/wp-json\/wp\/v2\/users\/2"}],"replies":[{"embeddable":true,"href":"https:\/\/www.europesays.com\/nl\/wp-json\/wp\/v2\/comments?post=104349"}],"version-history":[{"count":0,"href":"https:\/\/www.europesays.com\/nl\/wp-json\/wp\/v2\/posts\/104349\/revisions"}],"wp:featuredmedia":[{"embeddable":true,"href":"https:\/\/www.europesays.com\/nl\/wp-json\/wp\/v2\/media\/104350"}],"wp:attachment":[{"href":"https:\/\/www.europesays.com\/nl\/wp-json\/wp\/v2\/media?parent=104349"}],"wp:term":[{"taxonomy":"category","embeddable":true,"href":"https:\/\/www.europesays.com\/nl\/wp-json\/wp\/v2\/categories?post=104349"},{"taxonomy":"post_tag","embeddable":true,"href":"https:\/\/www.europesays.com\/nl\/wp-json\/wp\/v2\/tags?post=104349"}],"curies":[{"name":"wp","href":"https:\/\/api.w.org\/{rel}","templated":true}]}}