{"id":104463,"date":"2026-01-06T19:04:11","date_gmt":"2026-01-06T19:04:11","guid":{"rendered":"https:\/\/www.europesays.com\/nl\/104463\/"},"modified":"2026-01-06T19:04:11","modified_gmt":"2026-01-06T19:04:11","slug":"zien-andre-hazes-en-noa-genieten-van-romantisch-tripje-in-parijs","status":"publish","type":"post","link":"https:\/\/www.europesays.com\/nl\/104463\/","title":{"rendered":"Zien: Andr\u00e9 Hazes en Noa genieten van romantisch tripje in Parijs"},"content":{"rendered":"<p class=\"mui-173mato e10ntc2u0\">Andr\u00e9 Hazes en zijn liefje Noa Braaf besloten de sneeuwpret in \u00e9\u00e9n van de meest romantische steden door te zetten: Parijs. Om het tripje helemaal magisch te maken, vertoeft het tweetal in Disleyland Parijs. De beelden zijn om van te smullen. <\/p>\n<p class=\"mui-173mato e10ntc2u0\">Andr\u00e9 plaatst een hartje in de beschrijving van zijn Instagram-bericht, zoals hieronder te zien is. Van een polaroid-foto tot een waanzinnige licht-en-vuurwerkshow bij het beroemde Disney-kasteel. De twee hebben duidelijk dikke pret en de verse sneeuwvlokken vallen om hun oren. <\/p>\n<p class=\"mui-173mato e10ntc2u0\">In de reacties van het bericht laten fans weten onder de indruk te zijn van de lieve beelden. &#8220;Mooiste stelletje. Jullie genieten echt samen zo leuk om te zien&#8221;, pent iemand bij de foto&#8217;s. Een ander schrijft: &#8220;Jullie zijn leuk! Wat een spontane leuke meid!&#8221;  Zus Roxeanne Hazes laat twee hartjes-ogen achter. <\/p>\n<p class=\"mui-173mato e10ntc2u0\">Andr\u00e9 laat vaak genoeg weten hoe dol hij is op zijn nieuwe liefje. En ook wij kunnen (binnenkort?) een exclusief kijken bij hen thuis verwachten. <\/p>\n<p class=\"mui-173mato e10ntc2u0\">Lees hieronder meer over een nieuwe realityshow&#8230;<\/p>\n<p class=\"mui-173mato e10ntc2u0\">Eerder kondigde Andr\u00e9 namelijk een gloednieuwe realityshow aan, waar Noa ook in te zien zal zijn. Zo vertelde de zanger: &#8220;Ik wilde Noa zo lang mogelijk voor mijzelf houden, omdat zij helemaal niet gewend is aan dit (de media, red.) zeg maar. Maar ik zal haar natuurlijk op gegeven moment betrekken. Dan zal je zien dat het echt een leuk wijf is.&#8221;<\/p>\n<p>&#8216;Aankomend jaar gaan we draaien&#8217;<\/p>\n<p class=\"mui-173mato e10ntc2u0\">In de realityshow kunnen we dus meer persoonlijke momenten verwachten. &#8220;Dan heb je ook de tijd, kan je ook je eigen ding doen en heb je gewoon je eigen verhaal &#8211; je eigen leven. Ik denk dat dat het meest fijn is.&#8221; En wanneer we die soap kunnen verwachten? &#8220;Aankomend jaar gaan we draaien&#8221;, antwoordde Andr\u00e9 trots en resoluut.<\/p>\n<p><img alt=\"Andr\u00e9 Hazes over gloednieuwe realitysoap met Noa Braaf\" loading=\"lazy\" decoding=\"async\" data-nimg=\"fill\" class=\"mui-nacstu e1qtpq9e5\" style=\"position:absolute;height:100%;width:100%;left:0;top:0;right:0;bottom:0;color:transparent\"   src=\"https:\/\/www.europesays.com\/nl\/wp-content\/uploads\/2025\/12\/1766892371_486_andre-hazes-over-gloednieuwe-realitysoap-met-noa-braaf.jpg\"\/><\/p>\n<p>2:03<\/p>\n<p>Andr\u00e9 Hazes over gloednieuwe realitysoap met Noa Braaf<\/p>\n<p class=\"mui-173mato e10ntc2u0\">Bron: Instagram Andr\u00e9 Hazes<\/p>\n","protected":false},"excerpt":{"rendered":"Andr\u00e9 Hazes en zijn liefje Noa Braaf besloten de sneeuwpret in \u00e9\u00e9n van de meest romantische steden door&hellip;\n","protected":false},"author":2,"featured_media":104464,"comment_status":"","ping_status":"","sticky":false,"template":"","format":"standard","meta":{"footnotes":""},"categories":[31],"tags":[99,147,48,98,46,47,49,45,50],"class_list":{"0":"post-104463","1":"post","2":"type-post","3":"status-publish","4":"format-standard","5":"has-post-thumbnail","7":"category-celebrities","8":"tag-amusement","9":"tag-celebrities","10":"tag-dutch","11":"tag-entertainment","12":"tag-nederland","13":"tag-nederlanden","14":"tag-nederlands","15":"tag-netherlands","16":"tag-nl"},"share_on_mastodon":{"url":"https:\/\/pubeurope.com\/@nl\/115849714910320280","error":""},"_links":{"self":[{"href":"https:\/\/www.europesays.com\/nl\/wp-json\/wp\/v2\/posts\/104463","targetHints":{"allow":["GET"]}}],"collection":[{"href":"https:\/\/www.europesays.com\/nl\/wp-json\/wp\/v2\/posts"}],"about":[{"href":"https:\/\/www.europesays.com\/nl\/wp-json\/wp\/v2\/types\/post"}],"author":[{"embeddable":true,"href":"https:\/\/www.europesays.com\/nl\/wp-json\/wp\/v2\/users\/2"}],"replies":[{"embeddable":true,"href":"https:\/\/www.europesays.com\/nl\/wp-json\/wp\/v2\/comments?post=104463"}],"version-history":[{"count":0,"href":"https:\/\/www.europesays.com\/nl\/wp-json\/wp\/v2\/posts\/104463\/revisions"}],"wp:featuredmedia":[{"embeddable":true,"href":"https:\/\/www.europesays.com\/nl\/wp-json\/wp\/v2\/media\/104464"}],"wp:attachment":[{"href":"https:\/\/www.europesays.com\/nl\/wp-json\/wp\/v2\/media?parent=104463"}],"wp:term":[{"taxonomy":"category","embeddable":true,"href":"https:\/\/www.europesays.com\/nl\/wp-json\/wp\/v2\/categories?post=104463"},{"taxonomy":"post_tag","embeddable":true,"href":"https:\/\/www.europesays.com\/nl\/wp-json\/wp\/v2\/tags?post=104463"}],"curies":[{"name":"wp","href":"https:\/\/api.w.org\/{rel}","templated":true}]}}