{"id":104823,"date":"2026-01-07T07:45:07","date_gmt":"2026-01-07T07:45:07","guid":{"rendered":"https:\/\/www.europesays.com\/nl\/104823\/"},"modified":"2026-01-07T07:45:07","modified_gmt":"2026-01-07T07:45:07","slug":"door-james-cameron-is-deze-fantasyfilm-van-netflix-7-minuten-korter","status":"publish","type":"post","link":"https:\/\/www.europesays.com\/nl\/104823\/","title":{"rendered":"Door James Cameron is deze fantasyfilm van Netflix 7 minuten korter"},"content":{"rendered":"<p>        Vorig jaar bracht <a href=\"https:\/\/www.filmtotaal.nl\/persoon\/28800\" rel=\"nofollow noopener\" target=\"_blank\">Guillermo del Toro<\/a> eindelijk zijn droomfilm uit: <a href=\"https:\/\/www.filmtotaal.nl\/film\/41993\" rel=\"nofollow noopener\" target=\"_blank\">Frankenstein<\/a>. De adaptatie van het beroemde boek van Mary Shelley verscheen in oktober op Netflix en werd <a href=\"https:\/\/www.filmtotaal.nl\/nieuws\/127671\" rel=\"nofollow noopener\" target=\"_blank\">ontzettend goed ontvangen<\/a>.<\/p>\n<p>Nu onthult de regisseur dat hij voor de film veel feedback heeft gekregen van andere topregisseurs zoals Alfonso Cuar\u00f3n, Alejandro G. I\u00f1\u00e1rritu, Rian Johnson, Steven Spielberg en ook <a href=\"https:\/\/www.filmtotaal.nl\/persoon\/8873\" rel=\"nofollow noopener\" target=\"_blank\">James Cameron<\/a>. <\/p>\n<p>7 minuten korter<br \/>Die laatste zorgde ervoor dat Del Toro een sequentie van 7 minuten uit de film knipte. &#8220;[Hij zei:] &#8216;Dit is prachtig, maar je moet het eruit halen,'&#8221; aldus de filmmaker.  <\/p>\n<p>Toch vond Del Toro het niet lastig om het advies van Cameron op te volgen. &#8220;Als iemand me een opmerking geeft die binnen die cirkel valt, doe ik het,&#8221; zegt hij. &#8220;Je kunt geen mensen uitnodigen die je vertrouwt en ze vervolgens niet meer vertrouwen.&#8221; <\/p>\n<p>Oscars<br \/>Frankenstein is een van de favorieten om genomineerd te worden voor meerdere Oscars, waaronder voor Visuele Effecten en de acteerprestatie van <a href=\"https:\/\/www.filmtotaal.nl\/persoon\/208953\" rel=\"nofollow noopener\" target=\"_blank\">Jacob Elordi<\/a>. De nominaties worden later deze maand bekendgemaakt. <\/p>\n<blockquote class=\"twitter-tweet\">\n<p lang=\"en\" dir=\"ltr\">Guillermo del Toro says he doesn&#8217;t test his films and instead shares them with &#8220;the 16 most brilliant friends&#8221; he knows, including James Cameron and Rian Johnson: &#8220;We have the agreement to be brutal.&#8221; <\/p>\n<p>Variety&#8217;s 10 Directors to Watch &amp; Creative Impact Awards. <a href=\"https:\/\/twitter.com\/hashtag\/PSIFF?src=hash&amp;ref_src=twsrc%5Etfw\" rel=\"nofollow noopener\" target=\"_blank\">#PSIFF<\/a> <a href=\"https:\/\/t.co\/XfZBx14FIz\" rel=\"nofollow\">pic.twitter.com\/XfZBx14FIz<\/a><\/p>\n<p>&#8212; Variety (@Variety) <a href=\"https:\/\/twitter.com\/Variety\/status\/2007870668764074367?ref_src=twsrc%5Etfw\" rel=\"nofollow noopener\" target=\"_blank\">January 4, 2026<\/a><\/p><\/blockquote>\n<p>    <script async src=\"https:\/\/platform.twitter.com\/widgets.js\" charset=\"utf-8\"><\/script><\/p>\n","protected":false},"excerpt":{"rendered":"Vorig jaar bracht Guillermo del Toro eindelijk zijn droomfilm uit: Frankenstein. De adaptatie van het beroemde boek van&hellip;\n","protected":false},"author":2,"featured_media":104824,"comment_status":"","ping_status":"","sticky":false,"template":"","format":"standard","meta":{"footnotes":""},"categories":[26],"tags":[99,48,98,102,103,101,46,47,49,45,50],"class_list":{"0":"post-104823","1":"post","2":"type-post","3":"status-publish","4":"format-standard","5":"has-post-thumbnail","7":"category-films","8":"tag-amusement","9":"tag-dutch","10":"tag-entertainment","11":"tag-film","12":"tag-films","13":"tag-movies","14":"tag-nederland","15":"tag-nederlanden","16":"tag-nederlands","17":"tag-netherlands","18":"tag-nl"},"share_on_mastodon":{"url":"https:\/\/pubeurope.com\/@nl\/115852707277706694","error":""},"_links":{"self":[{"href":"https:\/\/www.europesays.com\/nl\/wp-json\/wp\/v2\/posts\/104823","targetHints":{"allow":["GET"]}}],"collection":[{"href":"https:\/\/www.europesays.com\/nl\/wp-json\/wp\/v2\/posts"}],"about":[{"href":"https:\/\/www.europesays.com\/nl\/wp-json\/wp\/v2\/types\/post"}],"author":[{"embeddable":true,"href":"https:\/\/www.europesays.com\/nl\/wp-json\/wp\/v2\/users\/2"}],"replies":[{"embeddable":true,"href":"https:\/\/www.europesays.com\/nl\/wp-json\/wp\/v2\/comments?post=104823"}],"version-history":[{"count":0,"href":"https:\/\/www.europesays.com\/nl\/wp-json\/wp\/v2\/posts\/104823\/revisions"}],"wp:featuredmedia":[{"embeddable":true,"href":"https:\/\/www.europesays.com\/nl\/wp-json\/wp\/v2\/media\/104824"}],"wp:attachment":[{"href":"https:\/\/www.europesays.com\/nl\/wp-json\/wp\/v2\/media?parent=104823"}],"wp:term":[{"taxonomy":"category","embeddable":true,"href":"https:\/\/www.europesays.com\/nl\/wp-json\/wp\/v2\/categories?post=104823"},{"taxonomy":"post_tag","embeddable":true,"href":"https:\/\/www.europesays.com\/nl\/wp-json\/wp\/v2\/tags?post=104823"}],"curies":[{"name":"wp","href":"https:\/\/api.w.org\/{rel}","templated":true}]}}