{"id":104896,"date":"2026-01-07T09:36:09","date_gmt":"2026-01-07T09:36:09","guid":{"rendered":"https:\/\/www.europesays.com\/nl\/104896\/"},"modified":"2026-01-07T09:36:09","modified_gmt":"2026-01-07T09:36:09","slug":"celine-dion-maakt-debuut-op-tiktok-in-opvallende-outfit-het-was-een-idee-van-mijn-kinderen-2","status":"publish","type":"post","link":"https:\/\/www.europesays.com\/nl\/104896\/","title":{"rendered":"Celine Dion maakt debuut op TikTok in opvallende outfit: \u201cHet was een idee van mijn kinderen\u201d"},"content":{"rendered":"<p class=\"Paragraph_paragraph__exhQA Paragraph_paragraph--default-sm-default__jy0uG articleParagraph\">C\u00e9line Dion zou uit eigen beweging nooit haar toevlucht hebben gezocht tot TikTok, maar het waren haar zonen die op het lumineuze idee kwamen om voor haar een account aan te maken. Volgens de zangeres gebeurde dat enkele dagen geleden. \u201cZe kwamen plots naar me toe en zeiden dat het hoog tijd was\u201d, zegt C\u00e9line. \u201cIk was verrast en vroeg wat ze bedoelden. Ik moest ook mijn telefoon afgeven. Ze waren enkele minuten weg en riepen nog dat ze alles zouden regelen\u201d, legt ze uit. \u201cZo ben ik plots op TikTok te zien. Ik moet ook nog leren hoe alles hier werkt\u201d, excuseert ze zich. \u201cIk doe altijd \u00e9\u00e9n video tegelijk.\u201d Celine, die in het filmpje een trui draagt met haar naam erop, ziet er wel de humor van in. \u201cPlots ben ik cool. Dat is verbazingwekkend\u201d, lacht ze. <\/p>\n<p class=\"social-embed-fallback-message_fallbackMessageText__Qks44\">Omdat je cookies voor sociale media uitgeschakeld zijn, blijft deze inhoud verborgen. Je kan hier toestemming geven voor deze cookies.<\/p>\n<p>Toestemming geven &gt;<\/p>\n<p class=\"Paragraph_paragraph__exhQA Paragraph_paragraph--default-sm-default__jy0uG articleParagraph\">De Canadese superster, die door een aandoening al geruime tijd geen optredens meer geeft, heeft drie zonen met haar overleden echtgenoot Ren\u00e9 Ang\u00e9lil: Ren\u00e9-Charles (25) en de tweeling Nelson en Eddy (16).<\/p>\n<p class=\"Paragraph_paragraph__exhQA Paragraph_paragraph--default-sm-default__jy0uG articleParagraph\">De laatste tijd laat ze wel vaker van zich horen op sociale media. Afgelopen Kerstmis dook er zelfs een filmpje van de zangeres in Grinch-kostuum op en zong ze haar hit All by myself.<\/p>\n<p class=\"social-embed-fallback-message_fallbackMessageText__Qks44\">Omdat je cookies voor sociale media uitgeschakeld zijn, blijft deze inhoud verborgen. Je kan hier toestemming geven voor deze cookies.<\/p>\n<p>Toestemming geven &gt;<\/p>\n","protected":false},"excerpt":{"rendered":"C\u00e9line Dion zou uit eigen beweging nooit haar toevlucht hebben gezocht tot TikTok, maar het waren haar zonen&hellip;\n","protected":false},"author":2,"featured_media":104563,"comment_status":"","ping_status":"","sticky":false,"template":"","format":"standard","meta":{"footnotes":""},"categories":[27],"tags":[99,48,98,120,121,46,47,49,45,50],"class_list":{"0":"post-104896","1":"post","2":"type-post","3":"status-publish","4":"format-standard","5":"has-post-thumbnail","7":"category-muziek","8":"tag-amusement","9":"tag-dutch","10":"tag-entertainment","11":"tag-music","12":"tag-muziek","13":"tag-nederland","14":"tag-nederlanden","15":"tag-nederlands","16":"tag-netherlands","17":"tag-nl"},"share_on_mastodon":{"url":"https:\/\/pubeurope.com\/@nl\/115853143722928461","error":""},"_links":{"self":[{"href":"https:\/\/www.europesays.com\/nl\/wp-json\/wp\/v2\/posts\/104896","targetHints":{"allow":["GET"]}}],"collection":[{"href":"https:\/\/www.europesays.com\/nl\/wp-json\/wp\/v2\/posts"}],"about":[{"href":"https:\/\/www.europesays.com\/nl\/wp-json\/wp\/v2\/types\/post"}],"author":[{"embeddable":true,"href":"https:\/\/www.europesays.com\/nl\/wp-json\/wp\/v2\/users\/2"}],"replies":[{"embeddable":true,"href":"https:\/\/www.europesays.com\/nl\/wp-json\/wp\/v2\/comments?post=104896"}],"version-history":[{"count":0,"href":"https:\/\/www.europesays.com\/nl\/wp-json\/wp\/v2\/posts\/104896\/revisions"}],"wp:featuredmedia":[{"embeddable":true,"href":"https:\/\/www.europesays.com\/nl\/wp-json\/wp\/v2\/media\/104563"}],"wp:attachment":[{"href":"https:\/\/www.europesays.com\/nl\/wp-json\/wp\/v2\/media?parent=104896"}],"wp:term":[{"taxonomy":"category","embeddable":true,"href":"https:\/\/www.europesays.com\/nl\/wp-json\/wp\/v2\/categories?post=104896"},{"taxonomy":"post_tag","embeddable":true,"href":"https:\/\/www.europesays.com\/nl\/wp-json\/wp\/v2\/tags?post=104896"}],"curies":[{"name":"wp","href":"https:\/\/api.w.org\/{rel}","templated":true}]}}