{"id":105043,"date":"2026-01-07T12:20:07","date_gmt":"2026-01-07T12:20:07","guid":{"rendered":"https:\/\/www.europesays.com\/nl\/105043\/"},"modified":"2026-01-07T12:20:07","modified_gmt":"2026-01-07T12:20:07","slug":"relatie-helene-hendriks-met-frans-vinju-plots-onder-druk","status":"publish","type":"post","link":"https:\/\/www.europesays.com\/nl\/105043\/","title":{"rendered":"&#8216;Relatie H\u00e9l\u00e8ne Hendriks met Frans Vinju plots onder druk&#8217;"},"content":{"rendered":"<p><a href=\"https:\/\/www.soccernews.nl\/media\/helene-hendriks\/\" rel=\"nofollow noopener\" target=\"_blank\">H\u00e9l\u00e8ne Hendriks<\/a> is weer helemaal terug, als presentatrice van The Winner Takes It All \u00e9n De oranjewinter. Haar liefdespartner Frans Vinju baalt er stiekem een beetje van, zo claimt paragnost Thomas Woolthuis van de Party te weten.<\/p>\n<p>Paragnost vreest spanningen in liefdesleven door druk werkleven<\/p>\n<p>\u201cNa de fysieke terugval van afgelopen jaar, lijkt H\u00e9l\u00e8ne Hendriks weer helemaal terug te komen. Maar doordat ze geproefd heeft van iets meer thuis zijn, lijkt het alsof H\u00e9l\u00e8ne dat graag wil continueren\u201d, vertelt Woolthuis in het blad. \u201cZe heeft, weliswaar door een negatieve oorzaak, geproefd van wat meer vrijheid en die vindt H\u00e9l\u00e8ne toch wel lekker. (\u2026) Het thuisfront lijkt ook meer aandacht van haar te willen, waardoor H\u00e9l\u00e8ne in een twijfel komt. Want werken en nieuwe uitdagingen vindt ze ook leuk.\u201d<\/p>\n<p>De grote vraag is nu waar Hendriks voor gaat kiezen. \u201cH\u00e9l\u00e8ne gaat absoluut dingen loslaten, kiest voor een nieuwe start en daar gaat ze succes in krijgen, dat is \u00e9\u00e9n ding wat zeker is.\u201d<\/p>\n<p>Wellicht zou vriendin Merel Ek haar af en toe af kunnen lossen in De Oranjewinter en <a href=\"https:\/\/www.soccernews.nl\/media\/vandaag-inside\/\" rel=\"nofollow noopener\" target=\"_blank\">VI<\/a>? \u201cIk zie Merel in 2026 een nieuwe rol op tv invullen; haar podium zal zich in de breedte uitbreiden. Merel blijft actief in hetgeen ze al deed, maar ze gaat samen met iemand ook een nieuw journalistiek dingetje doen. Baanbrekend? Nee, ik denk niet echt. Maar toch wel succesvol\u201d, aldus Woolthuis tot slot.<\/p>\n<p>        Helene is TE veel op tv    <\/p>\n<ul class=\"bc-poll__options gap-4 list-unstyled bc-poll__voted-remove\">\n<li class=\"bc-poll__option fs-8 fw-bold p-2 mb-4 bg-black text-white text-success-hover\" data-bc-option-id=\"1\" data-bc-selected-classes=\"text-success\" data-bc-icon-name-default=\"square-fill\" data-bc-icon-name-selected=\"check-square\" data-bc-icon-name-selected-classes=\"text-success me-2\">\n<p>                                Eens            <\/li>\n<li class=\"bc-poll__option fs-8 fw-bold p-2 mb-4 bg-black text-white text-success-hover\" data-bc-option-id=\"2\" data-bc-selected-classes=\"text-success\" data-bc-icon-name-default=\"square-fill\" data-bc-icon-name-selected=\"check-square\" data-bc-icon-name-selected-classes=\"text-success me-2\">\n<p>                                Oneens            <\/li>\n<\/ul>\n","protected":false},"excerpt":{"rendered":"H\u00e9l\u00e8ne Hendriks is weer helemaal terug, als presentatrice van The Winner Takes It All \u00e9n De oranjewinter. Haar&hellip;\n","protected":false},"author":2,"featured_media":105044,"comment_status":"","ping_status":"","sticky":false,"template":"","format":"standard","meta":{"footnotes":""},"categories":[31],"tags":[99,147,48,98,46,47,49,45,50],"class_list":{"0":"post-105043","1":"post","2":"type-post","3":"status-publish","4":"format-standard","5":"has-post-thumbnail","7":"category-celebrities","8":"tag-amusement","9":"tag-celebrities","10":"tag-dutch","11":"tag-entertainment","12":"tag-nederland","13":"tag-nederlanden","14":"tag-nederlands","15":"tag-netherlands","16":"tag-nl"},"share_on_mastodon":{"url":"https:\/\/pubeurope.com\/@nl\/115853788598205294","error":""},"_links":{"self":[{"href":"https:\/\/www.europesays.com\/nl\/wp-json\/wp\/v2\/posts\/105043","targetHints":{"allow":["GET"]}}],"collection":[{"href":"https:\/\/www.europesays.com\/nl\/wp-json\/wp\/v2\/posts"}],"about":[{"href":"https:\/\/www.europesays.com\/nl\/wp-json\/wp\/v2\/types\/post"}],"author":[{"embeddable":true,"href":"https:\/\/www.europesays.com\/nl\/wp-json\/wp\/v2\/users\/2"}],"replies":[{"embeddable":true,"href":"https:\/\/www.europesays.com\/nl\/wp-json\/wp\/v2\/comments?post=105043"}],"version-history":[{"count":0,"href":"https:\/\/www.europesays.com\/nl\/wp-json\/wp\/v2\/posts\/105043\/revisions"}],"wp:featuredmedia":[{"embeddable":true,"href":"https:\/\/www.europesays.com\/nl\/wp-json\/wp\/v2\/media\/105044"}],"wp:attachment":[{"href":"https:\/\/www.europesays.com\/nl\/wp-json\/wp\/v2\/media?parent=105043"}],"wp:term":[{"taxonomy":"category","embeddable":true,"href":"https:\/\/www.europesays.com\/nl\/wp-json\/wp\/v2\/categories?post=105043"},{"taxonomy":"post_tag","embeddable":true,"href":"https:\/\/www.europesays.com\/nl\/wp-json\/wp\/v2\/tags?post=105043"}],"curies":[{"name":"wp","href":"https:\/\/api.w.org\/{rel}","templated":true}]}}