{"id":105123,"date":"2026-01-07T13:55:13","date_gmt":"2026-01-07T13:55:13","guid":{"rendered":"https:\/\/www.europesays.com\/nl\/105123\/"},"modified":"2026-01-07T13:55:13","modified_gmt":"2026-01-07T13:55:13","slug":"waarom-doen-de-beelden-van-de-gevangen-maduro-aan-saddam-hussein-denken","status":"publish","type":"post","link":"https:\/\/www.europesays.com\/nl\/105123\/","title":{"rendered":"Waarom doen de beelden van de gevangen Maduro aan Saddam Hussein denken?"},"content":{"rendered":"<p>De eerste foto is altijd weer cruciaal, en dat was het ook bij de eerste foto van de gevangen Venezolaanse president Nicol\u00e1s Maduro. Op het beeld dat president Donald Trump zondagochtend op Truth Social zette, zien we een grauwe Maduro in een grijs joggingpak, hij draagt een zwarte skibril-achtige blinddoek en heefteen verkreukeld flesje water in zijn handen. Is dit de gevreesde dictator?<\/p>\n<p>Als dit beeld iets wil laten zien, is het dat van een hulpeloze overwonnene. Geen wonder dat direct na dit beeld associaties met eerdere, vergelijkbare beelden loskwamen. Sommige commentatoren deed het denken aan de gevangenneming van Saddam Hussein door VS-soldaten in Irak in 2003, al was dat beeld nog net een stapje heftiger: de Iraakse dictator was destijds gevonden in een gat in de grond, en werd met verwilderde blik en baard op de eerste foto\u2019s gezet.<\/p>\n<p>Alleen: de overeenkomsten tussen Hussein en Maduro zorgden afgelopen dagen ook voor scepsis. Want: als de beelden zo op elkaar lijken, is deze Maduro-foto dan wel echt, is het geen enscenering, of misschien zelfs een AI-beeld? De eerste uren na het nieuws van de gevangenneming waren namelijk ook AI-beelden van de gevangenneming op de sociale media verschenen, onder meer op FaceBook, Instagram en X, en die waren al miljoenen keren gedeeld voordat Trump met \u2018zijn\u2019 eerste, echte beeld kwam.<\/p>\n<p>De wrange ironie: deze AI-foto\u2019s lijken \u00f3\u00f3k op de latere echte foto. Zo circuleerde er een AI-beeld van Maduro <a href=\"https:\/\/www.newsguardrealitycheck.com\/p\/phony-visuals-of-maduros-real-capture\" rel=\"nofollow noopener\" target=\"_blank\">in een witte pyjama<\/a> in een vliegtuigruim, geflankeerd door VS-militairen. De suggestie erbij was hetzelfde als de foto van Maduro in zijn joggingpak: de VS-actie moet zo snel zijn geweest dat de dictator geen tijd had om zich om te kleden \u2013 en tegelijk geeft ook dit AI-beeld in pyjama aan de gevangen machthebber iets hulpeloos.<\/p>\n<p>Gebogen houding<\/p>\n<p>De echte \u00e9n de AI-beelden hebben dus dezelfde\u00a0ingredi\u00ebnten, en dat is geen toeval. Een dergelijke foto, ook al is hij echt, is tenslotte per definitie een enscenering; het is een keuze van de overwinnaar welk beeld van de overwonnene er naar buiten wordt gebracht, welke kleding, blik en houding er getoond worden. Het beeld is een boodschap: het slappe joggingpak tegenover de stevige uniformen van de soldaten, hulpeloze verwarring tegenover daadkrachtige actie, verwildering tegenover de suggestie van .<\/p>\n<p><img alt=\"Manuel Noriega gevangen in 1989.\" data-lightbox-highres=\"https:\/\/images.nrc.nl\/s3XS4GWX5Cp_tJ_2c-vKv_6l_IU=\/1920x\/filters:no_upscale()\/s3\/static.nrc.nl\/wp-content\/uploads\/2026\/01\/06202252\/070126CUL_2029164371_3.jpg\" data-lightbox-highres-webp=\"https:\/\/images.nrc.nl\/W2944tiAMGAFsV1U9yMboaotYqc=\/1920x\/filters:no_upscale():format(webp)\/s3\/static.nrc.nl\/wp-content\/uploads\/2026\/01\/06202252\/070126CUL_2029164371_3.jpg\" data-lightbox-zoom=\"https:\/\/images.nrc.nl\/s3XS4GWX5Cp_tJ_2c-vKv_6l_IU=\/1920x\/filters:no_upscale()\/s3\/static.nrc.nl\/wp-content\/uploads\/2026\/01\/06202252\/070126CUL_2029164371_3.jpg\" data-lightbox-zoom-webp=\"https:\/\/images.nrc.nl\/W2944tiAMGAFsV1U9yMboaotYqc=\/1920x\/filters:no_upscale():format(webp)\/s3\/static.nrc.nl\/wp-content\/uploads\/2026\/01\/06202252\/070126CUL_2029164371_3.jpg\" data-open-in-lightbox=\"true\" decoding=\"async\" height=\"1575\" loading=\"lazy\" src=\"https:\/\/www.europesays.com\/nl\/wp-content\/uploads\/2026\/01\/070126CUL_2029164371_3.jpg\"  width=\"2400\"\/><\/p>\n<p class=\"caption\" id=\"figcaption-1\">Manuel Noriega gevangen in 1989.<\/p>\n<p>Foto AFP<\/p>\n<p>Zoom in<\/p>\n<p>De oudere kijkers kunnen zelfs hebben teruggedacht aan de gevangenneming van generaal Manuel Noriega in Panama in 1989, waarvan <a href=\"https:\/\/www.abc.net.au\/news\/2026-01-06\/panama-and-the-us-capture-of-manuel-noriega\/106199932\" rel=\"nofollow noopener\" target=\"_blank\">het bekendste beeld ook opvallend<\/a> op dat van Maduro en Saddam lijkt. Noriega staat hierop tussen twee VS-agenten, eentje met het duidelijke logo van de Drug Enforcement Administration (DEA) in beeld, terwijl Noriega het hoofd wat gebogen heeft. Op het eerste beeld van Maduro bij aankomst op zondag in New York zagen we <a href=\"https:\/\/www.msn.com\/en-in\/news\/world\/maduro-brought-for-manhattan-court-appearance-in-helicopter-pics-emerge\/ar-AA1TC21e\" rel=\"nofollow noopener\" target=\"_blank\">Maduro ook gebogen tussen Amerikaanse DEA-agenten<\/a>, al kwam die houding simpelweg omdat hij net uit een helikopter stapte.<\/p>\n<p><img alt=\"Maduro wordt uit de helikopter bij aankomst in New York ge\u00ebscorteerd door DEA-agenten.      \" data-lightbox-highres=\"https:\/\/images.nrc.nl\/w2xkVO4TPA13bPuyB2_wCown3bo=\/1920x\/filters:no_upscale()\/s3\/static.nrc.nl\/wp-content\/uploads\/2026\/01\/07114008\/070126CUL_2029164371_MaduroGebogen.jpg\" data-lightbox-highres-webp=\"https:\/\/images.nrc.nl\/YyBAY6aMTLQNZB__f-wR78HYdUw=\/1920x\/filters:no_upscale():format(webp)\/s3\/static.nrc.nl\/wp-content\/uploads\/2026\/01\/07114008\/070126CUL_2029164371_MaduroGebogen.jpg\" data-lightbox-zoom=\"https:\/\/images.nrc.nl\/w2xkVO4TPA13bPuyB2_wCown3bo=\/1920x\/filters:no_upscale()\/s3\/static.nrc.nl\/wp-content\/uploads\/2026\/01\/07114008\/070126CUL_2029164371_MaduroGebogen.jpg\" data-lightbox-zoom-webp=\"https:\/\/images.nrc.nl\/YyBAY6aMTLQNZB__f-wR78HYdUw=\/1920x\/filters:no_upscale():format(webp)\/s3\/static.nrc.nl\/wp-content\/uploads\/2026\/01\/07114008\/070126CUL_2029164371_MaduroGebogen.jpg\" data-open-in-lightbox=\"true\" decoding=\"async\" height=\"1287\" loading=\"lazy\" src=\"https:\/\/www.europesays.com\/nl\/wp-content\/uploads\/2026\/01\/070126CUL_2029164371_MaduroGebogen.jpg\"  width=\"1930\"\/><\/p>\n<p class=\"caption\" id=\"figcaption-2\">Maduro wordt uit de helikopter bij aankomst in New York ge\u00ebscorteerd door DEA-agenten.      <\/p>\n<p>REUTERS<\/p>\n<p>Zoom in<\/p>\n<p>Het patroon in deze beelden van Amerikaanse militaire acties is duidelijk \u2013 en ze zijn niet voor niets uitgekozen, zeker ook omdat het alle drie acties zijn die internationaal zeer omstreden waren. Met de foto\u2019s van de overwonnene wilde Trump laten zien dat het optreden van de VS fier, daadkrachtig en rechtschapen is, terwijl de voormalige dictator zijn kracht moet worden ontnomen, zodat de aanhangers hun bewondering en zijn tegenstanders hun vrees verliezen.<\/p>\n<p>Julius Caesar<\/p>\n<p>Natuurlijk, het belang van een dergelijke enscenering is in de huidige beeldcultuur van AI en sociale media steeds groter geworden. Maar dat neemt niet weg dat de verbeelding van overwonnen tegenstanders al een lange traditie heeft \u2013 en in die geschiedenis wordt tegelijk ook het grote gevaar ervan duidelijk.<\/p>\n<p>De aartsvader van de enscenering van de overwonnene zou je Julius Caesar kunnen noemen. Caesar liet graag en vaak triomftochten houden, waarbij het zichtbaar vernederen van overwonnen vijanden een vast bestanddeel was. Tijdens een van deze triomftochten haalde hij de overwonnen en verwaarloosde Gallische leider  uit de kerker, en liet hem achter zich aanslepen \u2013 later werd hij na een tribunaal gewurgd. Het doel was de publieke vernedering van de overwonnene, de visuele onderstreping van de overwinning van Caesar op h\u00e9\u00e9l Galli\u00eb. Maar qua historische symboliek trok Caesar uiteindelijk wel aan het kortste eind, want Frankrijk heeft sinds de 19de eeuw de vernedering van Vercingetorix in <a href=\"https:\/\/nl.wikipedia.org\/wiki\/Bestand:Siege-alesia-vercingetorix-jules-cesar.jpg\" rel=\"nofollow noopener\" target=\"_blank\">schilderijen en monumenten<\/a> omgekeerd tot een symbool van de onverzettelijkheid van de Gallische vrijheidsstrijder \u2013 een effectief motief tot in de Asterix-strips van nu.<\/p>\n<p><img alt=\"In de 19de eeuw bogen de Fransen de nederlaag van Vercingetorix tegen Caesar om naar een nationaal heldenepos. Lionel Royer, Vercingetorix jette ses armes aux pieds de Jules C\u00e9sar, 1899.\" data-lightbox-highres=\"https:\/\/images.nrc.nl\/MKfeeW_71VCQAgdvlMyVM4MN_oM=\/1920x\/filters:no_upscale()\/s3\/static.nrc.nl\/wp-content\/uploads\/2026\/01\/06202527\/070126CUL_2029164371_5.jpg\" data-lightbox-highres-webp=\"https:\/\/images.nrc.nl\/kySdXc7hIX8b41-B3WVMPUv0jDA=\/1920x\/filters:no_upscale():format(webp)\/s3\/static.nrc.nl\/wp-content\/uploads\/2026\/01\/06202527\/070126CUL_2029164371_5.jpg\" data-lightbox-zoom=\"https:\/\/images.nrc.nl\/MKfeeW_71VCQAgdvlMyVM4MN_oM=\/1920x\/filters:no_upscale()\/s3\/static.nrc.nl\/wp-content\/uploads\/2026\/01\/06202527\/070126CUL_2029164371_5.jpg\" data-lightbox-zoom-webp=\"https:\/\/images.nrc.nl\/kySdXc7hIX8b41-B3WVMPUv0jDA=\/1920x\/filters:no_upscale():format(webp)\/s3\/static.nrc.nl\/wp-content\/uploads\/2026\/01\/06202527\/070126CUL_2029164371_5.jpg\" data-open-in-lightbox=\"true\" decoding=\"async\" height=\"1469\" loading=\"lazy\" src=\"https:\/\/www.europesays.com\/nl\/wp-content\/uploads\/2026\/01\/070126CUL_2029164371_5.jpg\"  width=\"2204\"\/><\/p>\n<p class=\"caption\" id=\"figcaption-3\">In de 19de eeuw bogen de Fransen de nederlaag van Vercingetorix tegen Caesar om naar een nationaal heldenepos. Lionel Royer, Vercingetorix jette ses armes aux pieds de Jules C\u00e9sar, 1899.<\/p>\n<p>Zoom in<\/p>\n<p>Dat is het gevaar bij de enscenering van een overwinning: mochten de historische omstandigheden weer wijzigen \u2013 en dat doen ze vrijwel altijd \u2013 dan kan de overwonnene het verhaal en de beelden in zijn eigen voordeel ombuigen. President Barack Obama was zich hiervan bewust toen hij in 2011 w\u00e9l <a href=\"https:\/\/en.wikipedia.org\/wiki\/File:Obama_and_Biden_await_updates_on_bin_Laden.jpg\" rel=\"nofollow noopener\" target=\"_blank\">de gespannen gezichten van de overwinnaars<\/a> in het Witte Huis en het smoezelige schuilkamertje van Osama bin Laden aan de wereld liet zien, maar niet de door de VS-actie gedode Bin Laden zelf \u2013 om geen martelaar van hem te maken.<\/p>\n<p>Trump wil sneller scoren, en zette de eerste foto op zijn eigen kanaal online. Misschien had Maduro dit joggingpak \u2013 dat inmiddels als een <a href=\"https:\/\/www.rtl.nl\/nieuws\/buitenland\/artikel\/5551114\/nike-trainingspak-van-gearresteerde-maduro-gaat-viraal-straalt\" rel=\"nofollow noopener\" target=\"_blank\">Nike is ge\u00efdentificeerd<\/a> \u2013 al aan, of misschien kreeg hij het pas na de gevangenneming van Amerikaanse soldaten. Feit is: met zijn latere rechtbankbeelden (<a href=\"https:\/\/www.instagram.com\/p\/DTE1l-SEpgV\/\" rel=\"nofollow noopener\" target=\"_blank\">duimen omhoog<\/a>) probeert Maduro de beeldvorming vanaf deze week alweer naar zijn eigen hand te zetten. Beide mannen weten: bij de enscenering van de overwonnene mag niets aan het toeval worden overgelaten.<\/p>\n<p>Geef cadeau<\/p>\n<p>Deel<\/p>\n<p>Mail de redactie<\/p>\n<p><a aria-label=\"The Trust Project, lees meer over de journalistieke principes van NRC\" class=\"trust__message\" href=\"http:\/\/www.nrc.nl\/over-ons\/#principes\" rel=\"nofollow noopener\" target=\"_blank\"><\/p>\n<p>\tDe journalistieke principes van NRC<br \/>\n<\/a> <script async src=\"\/\/www.instagram.com\/embed.js\"><\/script><\/p>\n","protected":false},"excerpt":{"rendered":"De eerste foto is altijd weer cruciaal, en dat was het ook bij de eerste foto van de&hellip;\n","protected":false},"author":2,"featured_media":105124,"comment_status":"","ping_status":"","sticky":false,"template":"","format":"standard","meta":{"footnotes":""},"categories":[15],"tags":[39,40,48,43,44,34,35,41,42,46,47,49,45,32,33,50,36,37,38,67,64,65,66],"class_list":{"0":"post-105123","1":"post","2":"type-post","3":"status-publish","4":"format-standard","5":"has-post-thumbnail","7":"category-wereld","8":"tag-breaking-news","9":"tag-breakingnews","10":"tag-dutch","11":"tag-featured-news","12":"tag-featurednews","13":"tag-headlines","14":"tag-hoofdpunten","15":"tag-latest-news","16":"tag-latestnews","17":"tag-nederland","18":"tag-nederlanden","19":"tag-nederlands","20":"tag-netherlands","21":"tag-news","22":"tag-nieuws","23":"tag-nl","24":"tag-top-stories","25":"tag-topstories","26":"tag-voorpaginanieuws","27":"tag-wereld","28":"tag-world","29":"tag-world-news","30":"tag-worldnews"},"share_on_mastodon":{"url":"https:\/\/pubeurope.com\/@nl\/115854162278088868","error":""},"_links":{"self":[{"href":"https:\/\/www.europesays.com\/nl\/wp-json\/wp\/v2\/posts\/105123","targetHints":{"allow":["GET"]}}],"collection":[{"href":"https:\/\/www.europesays.com\/nl\/wp-json\/wp\/v2\/posts"}],"about":[{"href":"https:\/\/www.europesays.com\/nl\/wp-json\/wp\/v2\/types\/post"}],"author":[{"embeddable":true,"href":"https:\/\/www.europesays.com\/nl\/wp-json\/wp\/v2\/users\/2"}],"replies":[{"embeddable":true,"href":"https:\/\/www.europesays.com\/nl\/wp-json\/wp\/v2\/comments?post=105123"}],"version-history":[{"count":0,"href":"https:\/\/www.europesays.com\/nl\/wp-json\/wp\/v2\/posts\/105123\/revisions"}],"wp:featuredmedia":[{"embeddable":true,"href":"https:\/\/www.europesays.com\/nl\/wp-json\/wp\/v2\/media\/105124"}],"wp:attachment":[{"href":"https:\/\/www.europesays.com\/nl\/wp-json\/wp\/v2\/media?parent=105123"}],"wp:term":[{"taxonomy":"category","embeddable":true,"href":"https:\/\/www.europesays.com\/nl\/wp-json\/wp\/v2\/categories?post=105123"},{"taxonomy":"post_tag","embeddable":true,"href":"https:\/\/www.europesays.com\/nl\/wp-json\/wp\/v2\/tags?post=105123"}],"curies":[{"name":"wp","href":"https:\/\/api.w.org\/{rel}","templated":true}]}}