{"id":105130,"date":"2026-01-07T14:04:14","date_gmt":"2026-01-07T14:04:14","guid":{"rendered":"https:\/\/www.europesays.com\/nl\/105130\/"},"modified":"2026-01-07T14:04:14","modified_gmt":"2026-01-07T14:04:14","slug":"filemon-wesselink-geeft-laurentien-klap-in-gezicht-narcistisch","status":"publish","type":"post","link":"https:\/\/www.europesays.com\/nl\/105130\/","title":{"rendered":"Filemon Wesselink geeft Laurentien klap in gezicht: \u2018Narcistisch\u2019"},"content":{"rendered":"<p>Filemon Wesselink vindt de kritiek op prinses Laurentien en haar gedrag omtrent het programma Sporen van Slavernij echt uiterst terecht. \u201cHet is best wel narcistisch\u201d, aldus de presentator.<\/p>\n<p>        Door onze entertainmentredactie<\/p>\n<p>        <img fetchpriority=\"high\" decoding=\"async\" width=\"1280\" height=\"720\" src=\"https:\/\/www.europesays.com\/nl\/wp-content\/uploads\/2026\/01\/0107-Filemon-Laurentien.jpg\" class=\"attachment-post-thumbnail size-post-thumbnail wp-post-image\" alt=\"Filemon Wesselink en prinses Laurentien\"  \/>        \u00a9 SBS, NPO    <\/p>\n<p>Prinses Laurentien ligt behoorlijk onder vuur vanwege haar <a href=\"https:\/\/www.mediacourant.nl\/2026\/01\/gravin-eloise-krijgt-harde-klap-slavernij-tot-feest-maken-waanzin\/\" rel=\"nofollow noopener\" target=\"_blank\">egocentrische optreden<\/a> in het programma Sporen van Slavernij, waarin ze ontdekt dat ze voormoeders uit Maleisi\u00eb, China en Java heeft en nazaat is van zowel slavenhouders als tot slaaf gemaakte vrouwen. Al snel betrekt ze in de tv-uitzending alles wel h\u00e9\u00e9l erg op zichzelf.<\/p>\n<p>\u2018Ze is fout!\u2019<\/p>\n<p>Tv-criticus Victor Vlam brengt het ter sprake in de H\u00e9l\u00e8ne Hendriks-talkshow <a href=\"https:\/\/www.kijk.nl\/programmas\/de-oranjewinter\" rel=\"nofollow noopener\" target=\"_blank\">De Oranjewinter<\/a>. \u201cIk vind alles aan dit geheel echt ontzettend fout. Ik vind prinses Laurentien fout, ik vind Eloise fout.\u201d<\/p>\n<p>Laurentien spant de kroon, vindt hij. \u201cZe vergelijkt haar schandaaltje, haar mediastorm waarbij ze werd beschuldigd van intimiderend gedrag bij ambtenaren van het ministerie van Financi\u00ebn, met het leed dat haar voorouders in de slavernij hebben gehad. Dat is natuurlijk werkelijk absurd.\u201d<\/p>\n<p>Beetje respect<\/p>\n<p>Victor vindt die vrouw bizar. \u201cZij heeft z\u00f3veel in het leven mee gehad. Ze is dochter van een minister, ze is in rijkdom opgegroeid, ze is in Den Haag en Tokio opgegroeid, ze is getrouwd met een prins. Dan heeft ze \u00e9\u00e9n keer een tegenslag met een mediastorm en dan schiet ze z\u00f3 uit haar slof dat ze het vergelijkt met het slavernijverleden van haar ouders.\u201d<\/p>\n<p>\u201cE\u00e9n dag in de schoenen lopen van een metselaar of een verpleegster\u2026 D\u00e1t zijn de mensen die waarschijnlijk echt een heel lastig leven hebben. Dat is echt lastiger dan haar makkelijke leven en dat zou ze best mogen erkennen. Zij is van de koninklijke familie, zij dient een klein beetje respect te hebben voor de gewone man en dat ontbreekt in haar verhaal.\u201d<\/p>\n<p>Narcistisch<\/p>\n<p>Ook tafelgast Filemon Wesselink deelt een verbale klap uit aan Laurentien. \u201cWat Laurentien doet is natuurlijk wel wat erger. Er is iets heel ergs gebeurd in de hele geschiedenis en het is dan best wel narcistisch om te zeggen: \u2018Ja, dat doet bij mij heel erg pijn!\u2019\u201d<\/p>\n<p>Hij vervolgt: \u201cNet zoals dat je wel eens op vakantie bent geweest in Venezuela en dan zegt: \u2018Ja, het komt wel heel dichtbij. Het doet heel erg pijn.\u2019 Dat zit ook in dit programma en ik vind dat je daar heel erg mee op moet passen.\u201d<\/p>\n<p>Victor besluit: \u201cIk vind het een verschrikkelijk mens. Ik vind het echt een verschrikkelijk mens.\u201d<\/p>\n","protected":false},"excerpt":{"rendered":"Filemon Wesselink vindt de kritiek op prinses Laurentien en haar gedrag omtrent het programma Sporen van Slavernij echt&hellip;\n","protected":false},"author":2,"featured_media":105131,"comment_status":"","ping_status":"","sticky":false,"template":"","format":"standard","meta":{"footnotes":""},"categories":[25],"tags":[99,48,98,6507,46,47,49,45,50,22702],"class_list":{"0":"post-105130","1":"post","2":"type-post","3":"status-publish","4":"format-standard","5":"has-post-thumbnail","7":"category-amusement","8":"tag-amusement","9":"tag-dutch","10":"tag-entertainment","11":"tag-filemon-wesselink","12":"tag-nederland","13":"tag-nederlanden","14":"tag-nederlands","15":"tag-netherlands","16":"tag-nl","17":"tag-prinses-laurentien"},"share_on_mastodon":{"url":"https:\/\/pubeurope.com\/@nl\/115854197590392663","error":""},"_links":{"self":[{"href":"https:\/\/www.europesays.com\/nl\/wp-json\/wp\/v2\/posts\/105130","targetHints":{"allow":["GET"]}}],"collection":[{"href":"https:\/\/www.europesays.com\/nl\/wp-json\/wp\/v2\/posts"}],"about":[{"href":"https:\/\/www.europesays.com\/nl\/wp-json\/wp\/v2\/types\/post"}],"author":[{"embeddable":true,"href":"https:\/\/www.europesays.com\/nl\/wp-json\/wp\/v2\/users\/2"}],"replies":[{"embeddable":true,"href":"https:\/\/www.europesays.com\/nl\/wp-json\/wp\/v2\/comments?post=105130"}],"version-history":[{"count":0,"href":"https:\/\/www.europesays.com\/nl\/wp-json\/wp\/v2\/posts\/105130\/revisions"}],"wp:featuredmedia":[{"embeddable":true,"href":"https:\/\/www.europesays.com\/nl\/wp-json\/wp\/v2\/media\/105131"}],"wp:attachment":[{"href":"https:\/\/www.europesays.com\/nl\/wp-json\/wp\/v2\/media?parent=105130"}],"wp:term":[{"taxonomy":"category","embeddable":true,"href":"https:\/\/www.europesays.com\/nl\/wp-json\/wp\/v2\/categories?post=105130"},{"taxonomy":"post_tag","embeddable":true,"href":"https:\/\/www.europesays.com\/nl\/wp-json\/wp\/v2\/tags?post=105130"}],"curies":[{"name":"wp","href":"https:\/\/api.w.org\/{rel}","templated":true}]}}