{"id":105155,"date":"2026-01-07T14:23:13","date_gmt":"2026-01-07T14:23:13","guid":{"rendered":"https:\/\/www.europesays.com\/nl\/105155\/"},"modified":"2026-01-07T14:23:13","modified_gmt":"2026-01-07T14:23:13","slug":"bus-rijdt-in-op-demonstranten-in-jeruzalem","status":"publish","type":"post","link":"https:\/\/www.europesays.com\/nl\/105155\/","title":{"rendered":"Bus rijdt in op demonstranten in Jeruzalem"},"content":{"rendered":"<p>In Jeruzalem is dinsdagavond een veertienjarige jongen doodgereden toen een bus inreed op een demonstratie van ultra-orthodoxe joden. Ook zijn er ten minste drie mensen gewond geraakt. Dat meldt onder andere The Times of Israel.<\/p>\n<p>De buschauffeur is gearresteerd door de Isra\u00eblische politie. Uit zijn verklaring, gedeeld door de politie, blijkt dat de buschauffeur zegt te zijn aangevallen door de demonstranten. Hij voelde zich bedreigd en reed hen aan toen hij met hoge snelheid probeerde weg te rijden. Het is onduidelijk of opzet in het spel is. <\/p>\n<p>Zoals vaker de afgelopen maanden gingen duizenden ultra-orthodoxe joden dinsdag de straat op om te protesteren tegen een wet die een einde moet maken aan de vrijstelling van ultra-orthodoxe mannen om te dienen in het Isra\u00eblische leger. Het Isra\u00eblische Hooggerechtshof heeft zich daar vorig jaar over uitgesproken, nieuwe wetgeving moet nu nog door het Isra\u00eblische parlement.<\/p>\n<p>Volgens de krant Haaretz hebben woensdagochtend ultra-orthodoxe joden verschillende stadsbussen die bestuurd werden door Arabische chauffeurs bekogeld met stenen.<\/p>\n<p><a class=\"dmt-article-suggestion\" href=\"https:\/\/www.nrc.nl\/nieuws\/2025\/09\/09\/midden-oostenblog-9-september-a4905598\" rel=\"nofollow noopener\" target=\"_blank\"><\/p>\n<p>\nLiveblog<br \/>\nCrisis in het Midden-Oosten\n<\/p>\n<p>                                Isra\u00eblische leger valt stad en dorpen op bezette Westoever binnen, verdrijft Palestijnen uit huizen<\/p>\n<p><\/a><\/p>\n<p>Geef cadeau<\/p>\n<p>Deel<\/p>\n<p>Mail de redactie<\/p>\n<p><a aria-label=\"The Trust Project, lees meer over de journalistieke principes van NRC\" class=\"trust__message\" href=\"http:\/\/www.nrc.nl\/over-ons\/#principes\" rel=\"nofollow noopener\" target=\"_blank\"><\/p>\n<p>\tDe journalistieke principes van NRC<br \/>\n<\/a> <\/p>\n","protected":false},"excerpt":{"rendered":"In Jeruzalem is dinsdagavond een veertienjarige jongen doodgereden toen een bus inreed op een demonstratie van ultra-orthodoxe joden.&hellip;\n","protected":false},"author":2,"featured_media":105156,"comment_status":"","ping_status":"","sticky":false,"template":"","format":"standard","meta":{"footnotes":""},"categories":[15],"tags":[39,40,48,43,44,34,35,41,42,46,47,49,45,32,33,50,36,37,38,67,64,65,66],"class_list":{"0":"post-105155","1":"post","2":"type-post","3":"status-publish","4":"format-standard","5":"has-post-thumbnail","7":"category-wereld","8":"tag-breaking-news","9":"tag-breakingnews","10":"tag-dutch","11":"tag-featured-news","12":"tag-featurednews","13":"tag-headlines","14":"tag-hoofdpunten","15":"tag-latest-news","16":"tag-latestnews","17":"tag-nederland","18":"tag-nederlanden","19":"tag-nederlands","20":"tag-netherlands","21":"tag-news","22":"tag-nieuws","23":"tag-nl","24":"tag-top-stories","25":"tag-topstories","26":"tag-voorpaginanieuws","27":"tag-wereld","28":"tag-world","29":"tag-world-news","30":"tag-worldnews"},"share_on_mastodon":{"url":"https:\/\/pubeurope.com\/@nl\/115854272390285537","error":""},"_links":{"self":[{"href":"https:\/\/www.europesays.com\/nl\/wp-json\/wp\/v2\/posts\/105155","targetHints":{"allow":["GET"]}}],"collection":[{"href":"https:\/\/www.europesays.com\/nl\/wp-json\/wp\/v2\/posts"}],"about":[{"href":"https:\/\/www.europesays.com\/nl\/wp-json\/wp\/v2\/types\/post"}],"author":[{"embeddable":true,"href":"https:\/\/www.europesays.com\/nl\/wp-json\/wp\/v2\/users\/2"}],"replies":[{"embeddable":true,"href":"https:\/\/www.europesays.com\/nl\/wp-json\/wp\/v2\/comments?post=105155"}],"version-history":[{"count":0,"href":"https:\/\/www.europesays.com\/nl\/wp-json\/wp\/v2\/posts\/105155\/revisions"}],"wp:featuredmedia":[{"embeddable":true,"href":"https:\/\/www.europesays.com\/nl\/wp-json\/wp\/v2\/media\/105156"}],"wp:attachment":[{"href":"https:\/\/www.europesays.com\/nl\/wp-json\/wp\/v2\/media?parent=105155"}],"wp:term":[{"taxonomy":"category","embeddable":true,"href":"https:\/\/www.europesays.com\/nl\/wp-json\/wp\/v2\/categories?post=105155"},{"taxonomy":"post_tag","embeddable":true,"href":"https:\/\/www.europesays.com\/nl\/wp-json\/wp\/v2\/tags?post=105155"}],"curies":[{"name":"wp","href":"https:\/\/api.w.org\/{rel}","templated":true}]}}