{"id":105288,"date":"2026-01-07T16:32:10","date_gmt":"2026-01-07T16:32:10","guid":{"rendered":"https:\/\/www.europesays.com\/nl\/105288\/"},"modified":"2026-01-07T16:32:10","modified_gmt":"2026-01-07T16:32:10","slug":"henny-huisman-zegt-nee-tegen-optreden-in-rtl-programma","status":"publish","type":"post","link":"https:\/\/www.europesays.com\/nl\/105288\/","title":{"rendered":"Henny Huisman zegt \u2018nee\u2019 tegen optreden in RTL-programma"},"content":{"rendered":"<p>Je zou denken dat de naar hernieuwd tv-succes hunkerende Henny Huisman \u00ededere tv-uitnodiging accepteert, maar dat is volgens de gevallen presentator helemaal niet waar. \u201cIk zei nee.\u201d<\/p>\n<p>        Door onze entertainmentredactie<\/p>\n<p>        <img fetchpriority=\"high\" decoding=\"async\" width=\"1280\" height=\"720\" src=\"https:\/\/www.europesays.com\/nl\/wp-content\/uploads\/2025\/11\/1764174009_843_1019-Henny-Huisman.jpg\" class=\"attachment-post-thumbnail size-post-thumbnail wp-post-image\" alt=\"Henny Huisman\"  \/>        \u00a9 William Rutten    <\/p>\n<p>Henny Huisman werd ooit in \u00e9\u00e9n adem genoemd met grote tv-sterren als Andr\u00e9 van Duin en Ron Brandsteder, maar waar Ron er zelf voor koos om met tv-pensioen te gaan en Andr\u00e9 nog altijd een grote ster is bij de NPO, komt Henny alleen maar in het nieuws als hij weer ergens boos over is of een soapserie verkocht probeert te krijgen.<\/p>\n<p>Henny wil niet<\/p>\n<p>Je zou denken dat iemand die z\u00f3 graag terug op tv wil alles aangrijpt, maar dat is volgens Henny niet zo. \u201cVeel bekende Nederlanders hebben al meegedaan aan The Masked Singer. Waarom bent u daar nog niet in te zien geweest?\u201d, vraagt weekblad <a href=\"https:\/\/weekbladparty.nl\/\" rel=\"nofollow noopener\" target=\"_blank\">Party<\/a> hem.<\/p>\n<p>Daarop zegt Henny: \u201cZe hebben me wel heel vaak gevraagd, maar dat is niks voor mij. Ik vind het benauwd in z\u01a1\u2019n pak. Ze hebben leuke mensen genoeg.\u201d<\/p>\n<p>Grote reis<\/p>\n<p>Waarom gaat Henny op zijn oude dag niet lekker reizen? \u201cNou, ik heb natuurlijk in 2023 het programma Beter Laat Dan Nooit gedaan. Ik wilde altijd het dak van de wereld zien en dat heb ik nu gedaan.\u201d<\/p>\n<p>\u201cEen mens heeft altijd wel wat te wensen, maar je moet ook een keer tevreden zijn, snap je? Ik heb weleens geturfd waar ik allemaal geweest ben in mijn leven, en dat zijn z\u00f3veel plekken in de wereld.\u201d<\/p>\n","protected":false},"excerpt":{"rendered":"Je zou denken dat de naar hernieuwd tv-succes hunkerende Henny Huisman \u00ededere tv-uitnodiging accepteert, maar dat is volgens&hellip;\n","protected":false},"author":2,"featured_media":105289,"comment_status":"","ping_status":"","sticky":false,"template":"","format":"standard","meta":{"footnotes":""},"categories":[31],"tags":[99,147,48,98,13871,46,47,49,45,50],"class_list":{"0":"post-105288","1":"post","2":"type-post","3":"status-publish","4":"format-standard","5":"has-post-thumbnail","7":"category-celebrities","8":"tag-amusement","9":"tag-celebrities","10":"tag-dutch","11":"tag-entertainment","12":"tag-henny-huisman","13":"tag-nederland","14":"tag-nederlanden","15":"tag-nederlands","16":"tag-netherlands","17":"tag-nl"},"share_on_mastodon":{"url":"https:\/\/pubeurope.com\/@nl\/115854779537549551","error":""},"_links":{"self":[{"href":"https:\/\/www.europesays.com\/nl\/wp-json\/wp\/v2\/posts\/105288","targetHints":{"allow":["GET"]}}],"collection":[{"href":"https:\/\/www.europesays.com\/nl\/wp-json\/wp\/v2\/posts"}],"about":[{"href":"https:\/\/www.europesays.com\/nl\/wp-json\/wp\/v2\/types\/post"}],"author":[{"embeddable":true,"href":"https:\/\/www.europesays.com\/nl\/wp-json\/wp\/v2\/users\/2"}],"replies":[{"embeddable":true,"href":"https:\/\/www.europesays.com\/nl\/wp-json\/wp\/v2\/comments?post=105288"}],"version-history":[{"count":0,"href":"https:\/\/www.europesays.com\/nl\/wp-json\/wp\/v2\/posts\/105288\/revisions"}],"wp:featuredmedia":[{"embeddable":true,"href":"https:\/\/www.europesays.com\/nl\/wp-json\/wp\/v2\/media\/105289"}],"wp:attachment":[{"href":"https:\/\/www.europesays.com\/nl\/wp-json\/wp\/v2\/media?parent=105288"}],"wp:term":[{"taxonomy":"category","embeddable":true,"href":"https:\/\/www.europesays.com\/nl\/wp-json\/wp\/v2\/categories?post=105288"},{"taxonomy":"post_tag","embeddable":true,"href":"https:\/\/www.europesays.com\/nl\/wp-json\/wp\/v2\/tags?post=105288"}],"curies":[{"name":"wp","href":"https:\/\/api.w.org\/{rel}","templated":true}]}}