{"id":105419,"date":"2026-01-07T18:49:18","date_gmt":"2026-01-07T18:49:18","guid":{"rendered":"https:\/\/www.europesays.com\/nl\/105419\/"},"modified":"2026-01-07T18:49:18","modified_gmt":"2026-01-07T18:49:18","slug":"navo-land-moet-ander-navo-land-ongehinderd-kunnen-aanvallen","status":"publish","type":"post","link":"https:\/\/www.europesays.com\/nl\/105419\/","title":{"rendered":"NAVO-land moet ander NAVO-land ongehinderd kunnen aanvallen"},"content":{"rendered":"<p> \t\t\t<img decoding=\"async\" class=\"size-medium\" fetchpriority=\"high\" src=\"https:\/\/www.europesays.com\/nl\/wp-content\/uploads\/2026\/01\/trump-h-donald-trump.jpg\" width=\"100%\" height=\"auto\" alt=\"Trump wil af van betuttelend artikel 5: \u201cNAVO-land moet ander NAVO-land ongehinderd kunnen aanvallen\u201d\"\/><\/p>\n<p>Foto: Brian Jason \/ Shutterstock.com<\/p>\n<p> WASHINGTON &#8211; De Amerikaanse president Donald Trump pleit voor een radicale herziening van het NAVO-verdrag. Volgens de president is het beroemde artikel 5, de hoeksteen van het bondgenootschap, \u201couderwets\u201d en \u201cverstikkend\u201d. Hij stelt dat het artikel de lidstaten onnodig beperkt in hun geopolitieke ambities, met name als die ambities gericht zijn op het binnenvallen van bondgenoten.<\/p>\n<p>In artikel 5 wordt bepaald dat een aanval op \u00e9\u00e9n NAVO-land wordt gezien als een aanval op \u00e1lle NAVO-landen. Het artikel geldt als het fundament onder het NAVO-verdrag en de basis voor de gezamenlijke verdediging, maar volgens Trump is het artikel in de praktijk niet uitvoerbaar.<\/p>\n<p>\u201cHet is gewoon betutteling. Als Amerika een aanval zou willen uitvoeren op een ander NAVO-land, Denemarken bijvoorbeeld, dan zou Amerika te hulp moeten schieten om Denemarken te verdedigen tegen zichzelf. Dan krijg je een oneindige artikel 5-lus. Dat kan niet de bedoeling zijn\u201d, analyseert Trump.<\/p>\n<p>Adviseurs van de president wijzen er bovendien op dat de huidige regels desastreus zijn voor de defensiebudgetten. Als de VS een bondgenoot binnenvalt en diezelfde bondgenoot vervolgens verdragsrechtelijk moet verdedigen tegen de eigen invasie, moet Amerika effectief dubbele munitiekosten betalen. \u201cDat is diefstal van de Amerikaanse belastingbetaler\u201d, aldus een woordvoerder van het Pentagon. \u201cFlexibiliteit is het toverwoord. Als de VS besluit Groenland te annexeren om daar eindelijk de wegen te asfalteren moet de NAVO daar niet kinderachtig over doen.\u201d<\/p>\n","protected":false},"excerpt":{"rendered":"Foto: Brian Jason \/ Shutterstock.com WASHINGTON &#8211; De Amerikaanse president Donald Trump pleit voor een radicale herziening van&hellip;\n","protected":false},"author":2,"featured_media":105420,"comment_status":"","ping_status":"","sticky":false,"template":"","format":"standard","meta":{"footnotes":""},"categories":[15],"tags":[39,40,1033,48,43,44,34,35,41,42,46,47,49,45,32,33,50,36,37,194,208,38,67,64,65,66],"class_list":{"0":"post-105419","1":"post","2":"type-post","3":"status-publish","4":"format-standard","5":"has-post-thumbnail","7":"category-wereld","8":"tag-breaking-news","9":"tag-breakingnews","10":"tag-denemarken","11":"tag-dutch","12":"tag-featured-news","13":"tag-featurednews","14":"tag-headlines","15":"tag-hoofdpunten","16":"tag-latest-news","17":"tag-latestnews","18":"tag-nederland","19":"tag-nederlanden","20":"tag-nederlands","21":"tag-netherlands","22":"tag-news","23":"tag-nieuws","24":"tag-nl","25":"tag-top-stories","26":"tag-topstories","27":"tag-trump","28":"tag-verenigde-staten","29":"tag-voorpaginanieuws","30":"tag-wereld","31":"tag-world","32":"tag-world-news","33":"tag-worldnews"},"share_on_mastodon":{"url":"https:\/\/pubeurope.com\/@nl\/115855318334860531","error":""},"_links":{"self":[{"href":"https:\/\/www.europesays.com\/nl\/wp-json\/wp\/v2\/posts\/105419","targetHints":{"allow":["GET"]}}],"collection":[{"href":"https:\/\/www.europesays.com\/nl\/wp-json\/wp\/v2\/posts"}],"about":[{"href":"https:\/\/www.europesays.com\/nl\/wp-json\/wp\/v2\/types\/post"}],"author":[{"embeddable":true,"href":"https:\/\/www.europesays.com\/nl\/wp-json\/wp\/v2\/users\/2"}],"replies":[{"embeddable":true,"href":"https:\/\/www.europesays.com\/nl\/wp-json\/wp\/v2\/comments?post=105419"}],"version-history":[{"count":0,"href":"https:\/\/www.europesays.com\/nl\/wp-json\/wp\/v2\/posts\/105419\/revisions"}],"wp:featuredmedia":[{"embeddable":true,"href":"https:\/\/www.europesays.com\/nl\/wp-json\/wp\/v2\/media\/105420"}],"wp:attachment":[{"href":"https:\/\/www.europesays.com\/nl\/wp-json\/wp\/v2\/media?parent=105419"}],"wp:term":[{"taxonomy":"category","embeddable":true,"href":"https:\/\/www.europesays.com\/nl\/wp-json\/wp\/v2\/categories?post=105419"},{"taxonomy":"post_tag","embeddable":true,"href":"https:\/\/www.europesays.com\/nl\/wp-json\/wp\/v2\/tags?post=105419"}],"curies":[{"name":"wp","href":"https:\/\/api.w.org\/{rel}","templated":true}]}}