{"id":105480,"date":"2026-01-07T19:47:24","date_gmt":"2026-01-07T19:47:24","guid":{"rendered":"https:\/\/www.europesays.com\/nl\/105480\/"},"modified":"2026-01-07T19:47:24","modified_gmt":"2026-01-07T19:47:24","slug":"bodo-glimt-te-sterk-voor-fc-groningen","status":"publish","type":"post","link":"https:\/\/www.europesays.com\/nl\/105480\/","title":{"rendered":"Bod\u00f8\/Glimt te sterk voor FC Groningen"},"content":{"rendered":"<p>        Dinsdag 06 januari 2026 om 20:01\n    <\/p>\n<p>FC Groningen heeft dinsdag het trainingskamp in Marbella afgesloten met een oefenwedstrijd tegen Bod\u00f8\/Glimt. De Noorse vice-kampioen zegevierde met 4-0. De ruststand op het Marbella Football Center was 2-0 voor de Noren. Morgenochtend (woensdag 7 januari) keert het FC-gezelschap terug naar Groningen.<\/p>\n<p>Het treffen met Bod\u00f8\/Glimt was de laatste krachtmeting voor FC Groningen in aanloop naar de herstart van de VriendenLoterij Eredivisie, zaterdagavond om 21.00 uur in Euroborg tegen NAC Breda. De technische staf koos ervoor om in de opbouw van de trainingsweek spelers maximaal een uur te laten spelen.<\/p>\n<p>Bod\u00f8\/Glimt \u2013 met voormalig FC-speler Isak M\u00e4\u00e4tt\u00e4 in de gelederen \u2013 bereidt zich in Zuid-Spanje voor op twee topduels in de groepsfase van de Champions League. De Noren nemen het in januari nog op tegen de topclubs Manchester City en Atl\u00e9tico Madrid. De Noorse competitie ligt stil, want die wordt afgewerkt tussen maart en november. Bod\u00f8\/Glimt verloor de titelrace van Viking FK uit Stavanger, de club van technisch directeur Erik Nevland.<\/p>\n<p>Eerste helft<br \/>FC Groningen startte direct goed. Al na een minuut komt Brynj\u00f3lfur Willumsson in goede scoringspositie, maar de doelman van Bod\u00f8\/Glimt wist redding te brengen op de inzet van de IJslandse spits. Halverwege de eerste helft zetten de Noren aan en stond het binnen vijf minuten 2-0.<\/p>\n<p>(tekst loopt door onder de foto)<\/p>\n<p><img loading=\"lazy\" decoding=\"async\" width=\"1024\" height=\"683\" src=\"https:\/\/www.europesays.com\/nl\/wp-content\/uploads\/2026\/01\/Vrije-trap-Rersink-1024x683.jpg\" alt=\"\" class=\"wp-image-58210\"  \/><\/p>\n<p>Wisselen<br \/>Direct na rust, toen het wisselen bij FC Groningen begon, en helemaal op het einde van de wedstrijd sloeg Bod\u00f8\/Glimt nog twee keer toe. De derde Noorse treffer kwam uitgerekend op naam van M\u00e4\u00e4tt\u00e4. In de 40 minuten tussen die beide doelpunten van Bod\u00f8\/Glimt kreeg invaller Rui Mendes twee beste kansen namens FC Groningen. Even zo vaak keerde de Noorse sluitpost de inzetten van de Portugese aanvaller.<\/p>\n<p>(tekst loopt door onder de foto)<\/p>\n<p><img loading=\"lazy\" decoding=\"async\" width=\"1024\" height=\"683\" src=\"https:\/\/www.europesays.com\/nl\/wp-content\/uploads\/2026\/01\/Isaak-Maatta-1024x683.jpg\" alt=\"\" class=\"wp-image-58213\"  \/><\/p>\n<p>OPSTELLING FC GRONINGEN<br \/>Vaessen (60. Jurjus); Rente (60. Emeran), Blokzijl (45. Van der Laan), Janse (60. Bouland), Peersman (45. Prins); Schreuders (60. Mendes), Land (45. De Jonge), Resink (60. Hernes), Van der Werff (60. Metu); Willumsson (60. Zawada) en Van Bergen (60. Seuntjens).<\/p>\n","protected":false},"excerpt":{"rendered":"Dinsdag 06 januari 2026 om 20:01 FC Groningen heeft dinsdag het trainingskamp in Marbella afgesloten met een oefenwedstrijd&hellip;\n","protected":false},"author":2,"featured_media":105481,"comment_status":"","ping_status":"","sticky":false,"template":"","format":"standard","meta":{"footnotes":""},"categories":[5],"tags":[39,40,48,43,44,34,35,41,42,46,47,49,45,32,33,50,36,37,38],"class_list":{"0":"post-105480","1":"post","2":"type-post","3":"status-publish","4":"format-standard","5":"has-post-thumbnail","7":"category-hoofdpunten","8":"tag-breaking-news","9":"tag-breakingnews","10":"tag-dutch","11":"tag-featured-news","12":"tag-featurednews","13":"tag-headlines","14":"tag-hoofdpunten","15":"tag-latest-news","16":"tag-latestnews","17":"tag-nederland","18":"tag-nederlanden","19":"tag-nederlands","20":"tag-netherlands","21":"tag-news","22":"tag-nieuws","23":"tag-nl","24":"tag-top-stories","25":"tag-topstories","26":"tag-voorpaginanieuws"},"share_on_mastodon":{"url":"https:\/\/pubeurope.com\/@nl\/115855546450934983","error":""},"_links":{"self":[{"href":"https:\/\/www.europesays.com\/nl\/wp-json\/wp\/v2\/posts\/105480","targetHints":{"allow":["GET"]}}],"collection":[{"href":"https:\/\/www.europesays.com\/nl\/wp-json\/wp\/v2\/posts"}],"about":[{"href":"https:\/\/www.europesays.com\/nl\/wp-json\/wp\/v2\/types\/post"}],"author":[{"embeddable":true,"href":"https:\/\/www.europesays.com\/nl\/wp-json\/wp\/v2\/users\/2"}],"replies":[{"embeddable":true,"href":"https:\/\/www.europesays.com\/nl\/wp-json\/wp\/v2\/comments?post=105480"}],"version-history":[{"count":0,"href":"https:\/\/www.europesays.com\/nl\/wp-json\/wp\/v2\/posts\/105480\/revisions"}],"wp:featuredmedia":[{"embeddable":true,"href":"https:\/\/www.europesays.com\/nl\/wp-json\/wp\/v2\/media\/105481"}],"wp:attachment":[{"href":"https:\/\/www.europesays.com\/nl\/wp-json\/wp\/v2\/media?parent=105480"}],"wp:term":[{"taxonomy":"category","embeddable":true,"href":"https:\/\/www.europesays.com\/nl\/wp-json\/wp\/v2\/categories?post=105480"},{"taxonomy":"post_tag","embeddable":true,"href":"https:\/\/www.europesays.com\/nl\/wp-json\/wp\/v2\/tags?post=105480"}],"curies":[{"name":"wp","href":"https:\/\/api.w.org\/{rel}","templated":true}]}}