{"id":105659,"date":"2026-01-07T23:54:07","date_gmt":"2026-01-07T23:54:07","guid":{"rendered":"https:\/\/www.europesays.com\/nl\/105659\/"},"modified":"2026-01-07T23:54:07","modified_gmt":"2026-01-07T23:54:07","slug":"engelse-pers-weer-lyrisch-over-briljante-nederlander-hij-is-het-aanspeelpunt","status":"publish","type":"post","link":"https:\/\/www.europesays.com\/nl\/105659\/","title":{"rendered":"Engelse pers w\u00e9\u00e9r lyrisch over &#8216;briljante&#8217; Nederlander: &#8216;Hij is h\u00e9t aanspeelpunt&#8217;"},"content":{"rendered":"<p>Hoewel Sunderland een pijnlijke nederlaag leed bij Brentford FC (3-0), is de Engelse pers lovend over het optreden van Brian Brobbey. De spits versierde een strafschop en hield het spel goed vast, al wisten zijn teamgenoten daar te weinig uit te halen. Met name de fysieke kracht van de oud-Ajacied valt op.<\/p>\n<p>&#8216;Hij versierde op briljante wijze een penalty, een van de vele momenten waarop hij zijn indrukwekkende kracht liet zien. Hij beweegt goed en kiest telkens de juiste positie. Brobbey heeft bewezen dat hij h\u00e9t aanspeelpunt van Sunderland kan zijn&#8217;, schrijft <a target=\"_blank\" href=\"https:\/\/www.sunderlandecho.com\/sport\/football\/sunderland-afc\/sunderland-player-ratings-brentford-5467053?page=3\" rel=\"nofollow noopener\">The Sunderland Echo<\/a> na de dikke nederlaag van The Black Cats. De Nederlandse aanvaller wordt beloond en krijgt een zeven voor zijn optreden in Londen.<\/p>\n<p>Ook <a target=\"_blank\" href=\"https:\/\/www.thenorthernecho.co.uk\/sport\/25748393.sunderland-player-ratings-brentford-premier-league-defeat\/\" rel=\"nofollow noopener\">The Northern Echo<\/a> is positief te spreken over het optreden van Brobbey. &#8216;Hij kreeg in de eerste helft nauwelijks steun, maar wist toch een opening te forceren. In de tweede helft zorgde hij voor veel problemen en versierde hij een penalty.&#8217; Als rapportcijfer kreeg de spits een zes, waarmee Brobbey samen met Roefs het hoogste cijfer behaalde dat door het medium werd uitgedeeld.<\/p>\n<p>Minder positief is de beoordeling voor Lutsharel Geertruida. De verdediger stelde teleur volgens het regionale medium. &#8216;Hij was de afgelopen weken cruciaal, maar oogde woensdag stroef aan de bal. Hij kreeg geen grip op de wedstrijd en maakte de fout die leidde tot de 2-0&#8217;, aldus The Northern Echo. De beoordeling van Geertruida is dan ook niet mals. De verdediger krijgt een vier.<\/p>\n<p>Roefs moest de bal drie keer uit zijn net halen, maar kreeg geen dikke onvoldoende. &#8216;Hij was bij geen van de doelpunten schuldig&#8217;, klinkt het in The Northern Echo. De krant geeft hem een vijf. Datzelfde oordeel wordt deels gedeeld door The Sunderland Echo. Volgens het medium treft Roefs inderdaad geen blaam bij de tegengoals. In tegenstelling tot de andere krant krijgt hij hier echter wel een voldoende. Het oordeel komt uit op een zes.<\/p>\n<p>Bekijk Meer<\/p>\n","protected":false},"excerpt":{"rendered":"Hoewel Sunderland een pijnlijke nederlaag leed bij Brentford FC (3-0), is de Engelse pers lovend over het optreden&hellip;\n","protected":false},"author":2,"featured_media":103532,"comment_status":"","ping_status":"","sticky":false,"template":"","format":"standard","meta":{"footnotes":""},"categories":[21],"tags":[48,46,47,49,45,50,92,91],"class_list":{"0":"post-105659","1":"post","2":"type-post","3":"status-publish","4":"format-standard","5":"has-post-thumbnail","7":"category-sport","8":"tag-dutch","9":"tag-nederland","10":"tag-nederlanden","11":"tag-nederlands","12":"tag-netherlands","13":"tag-nl","14":"tag-sport","15":"tag-sports"},"share_on_mastodon":{"url":"https:\/\/pubeurope.com\/@nl\/115856517527983477","error":""},"_links":{"self":[{"href":"https:\/\/www.europesays.com\/nl\/wp-json\/wp\/v2\/posts\/105659","targetHints":{"allow":["GET"]}}],"collection":[{"href":"https:\/\/www.europesays.com\/nl\/wp-json\/wp\/v2\/posts"}],"about":[{"href":"https:\/\/www.europesays.com\/nl\/wp-json\/wp\/v2\/types\/post"}],"author":[{"embeddable":true,"href":"https:\/\/www.europesays.com\/nl\/wp-json\/wp\/v2\/users\/2"}],"replies":[{"embeddable":true,"href":"https:\/\/www.europesays.com\/nl\/wp-json\/wp\/v2\/comments?post=105659"}],"version-history":[{"count":0,"href":"https:\/\/www.europesays.com\/nl\/wp-json\/wp\/v2\/posts\/105659\/revisions"}],"wp:featuredmedia":[{"embeddable":true,"href":"https:\/\/www.europesays.com\/nl\/wp-json\/wp\/v2\/media\/103532"}],"wp:attachment":[{"href":"https:\/\/www.europesays.com\/nl\/wp-json\/wp\/v2\/media?parent=105659"}],"wp:term":[{"taxonomy":"category","embeddable":true,"href":"https:\/\/www.europesays.com\/nl\/wp-json\/wp\/v2\/categories?post=105659"},{"taxonomy":"post_tag","embeddable":true,"href":"https:\/\/www.europesays.com\/nl\/wp-json\/wp\/v2\/tags?post=105659"}],"curies":[{"name":"wp","href":"https:\/\/api.w.org\/{rel}","templated":true}]}}