{"id":105664,"date":"2026-01-07T23:59:09","date_gmt":"2026-01-07T23:59:09","guid":{"rendered":"https:\/\/www.europesays.com\/nl\/105664\/"},"modified":"2026-01-07T23:59:09","modified_gmt":"2026-01-07T23:59:09","slug":"barcelona-laat-athletic-club-kansloos-en-plaatst-zich-voor-finale-supercup","status":"publish","type":"post","link":"https:\/\/www.europesays.com\/nl\/105664\/","title":{"rendered":"Barcelona laat Athletic Club kansloos en plaatst zich voor finale Supercup"},"content":{"rendered":"<p class=\"sc-2ea02837-0 fedhGB\" id=\"247691036587553\">Barcelona heeft zich op zeer overtuigende wijze geplaatst voor de finale van de Spaanse Supercup. De titelverdediger was in Saudi-Arabi\u00eb veel te sterk voor Athletic Club: 5-0. Bij rust leidde de ploeg van aanvoerder Frenkie de Jong al met 4-0.<\/p>\n<p class=\"sc-2ea02837-0 fedhGB\" id=\"418717186715096\">Ferran Torres bracht Barcelona halverwege de eerste helft op voorsprong. Ferm\u00edn L\u00f3pez schoof na een half uur de tweede treffer binnen: 2-0. Na een fout van doelman Unai Sim\u00f3n zorgde Roony Bardghji, die speelde in plaats van Lamine Yamal, in de 34ste minuut voor de derde treffer.<\/p>\n","protected":false},"excerpt":{"rendered":"Barcelona heeft zich op zeer overtuigende wijze geplaatst voor de finale van de Spaanse Supercup. De titelverdediger was&hellip;\n","protected":false},"author":2,"featured_media":105665,"comment_status":"","ping_status":"","sticky":false,"template":"","format":"standard","meta":{"footnotes":""},"categories":[5],"tags":[39,40,48,43,44,34,35,41,42,46,47,49,45,32,33,50,36,37,167,38],"class_list":{"0":"post-105664","1":"post","2":"type-post","3":"status-publish","4":"format-standard","5":"has-post-thumbnail","7":"category-hoofdpunten","8":"tag-breaking-news","9":"tag-breakingnews","10":"tag-dutch","11":"tag-featured-news","12":"tag-featurednews","13":"tag-headlines","14":"tag-hoofdpunten","15":"tag-latest-news","16":"tag-latestnews","17":"tag-nederland","18":"tag-nederlanden","19":"tag-nederlands","20":"tag-netherlands","21":"tag-news","22":"tag-nieuws","23":"tag-nl","24":"tag-top-stories","25":"tag-topstories","26":"tag-voetbal","27":"tag-voorpaginanieuws"},"share_on_mastodon":{"url":"https:\/\/pubeurope.com\/@nl\/115856537184646287","error":""},"_links":{"self":[{"href":"https:\/\/www.europesays.com\/nl\/wp-json\/wp\/v2\/posts\/105664","targetHints":{"allow":["GET"]}}],"collection":[{"href":"https:\/\/www.europesays.com\/nl\/wp-json\/wp\/v2\/posts"}],"about":[{"href":"https:\/\/www.europesays.com\/nl\/wp-json\/wp\/v2\/types\/post"}],"author":[{"embeddable":true,"href":"https:\/\/www.europesays.com\/nl\/wp-json\/wp\/v2\/users\/2"}],"replies":[{"embeddable":true,"href":"https:\/\/www.europesays.com\/nl\/wp-json\/wp\/v2\/comments?post=105664"}],"version-history":[{"count":0,"href":"https:\/\/www.europesays.com\/nl\/wp-json\/wp\/v2\/posts\/105664\/revisions"}],"wp:featuredmedia":[{"embeddable":true,"href":"https:\/\/www.europesays.com\/nl\/wp-json\/wp\/v2\/media\/105665"}],"wp:attachment":[{"href":"https:\/\/www.europesays.com\/nl\/wp-json\/wp\/v2\/media?parent=105664"}],"wp:term":[{"taxonomy":"category","embeddable":true,"href":"https:\/\/www.europesays.com\/nl\/wp-json\/wp\/v2\/categories?post=105664"},{"taxonomy":"post_tag","embeddable":true,"href":"https:\/\/www.europesays.com\/nl\/wp-json\/wp\/v2\/tags?post=105664"}],"curies":[{"name":"wp","href":"https:\/\/api.w.org\/{rel}","templated":true}]}}