{"id":105680,"date":"2026-01-08T00:22:11","date_gmt":"2026-01-08T00:22:11","guid":{"rendered":"https:\/\/www.europesays.com\/nl\/105680\/"},"modified":"2026-01-08T00:22:11","modified_gmt":"2026-01-08T00:22:11","slug":"psv-verrast-bod-van-9-miljoen-euro-opgestuurd","status":"publish","type":"post","link":"https:\/\/www.europesays.com\/nl\/105680\/","title":{"rendered":"&#8216;PSV verrast: bod van 9 miljoen euro opgestuurd&#8217;"},"content":{"rendered":"<p><a href=\"https:\/\/www.soccernews.nl\/team\/psv\/\" rel=\"nofollow noopener\" target=\"_blank\">PSV<\/a> verzekerde zich onlangs nog voor de rest van het seizoen van Joey Veerman, die tot de zomer in Eindhoven blijft. Maar ondertussen wordt er wel alvast gekeken naar latere potenti\u00eble opvolgers.<\/p>\n<p class=\"fw-bold text-primary\">SN Betrouwbaarheidsmeter:<\/p>\n<p>Sebastian Szymanski alsnog naar Eindhoven?<\/p>\n<p>De naam van <a href=\"https:\/\/www.soccernews.nl\/speler\/sebastian-szymanski\/#:~:text=Sebastian%20Szymanski%20is%20een%20Poolse,zomer%20van%202023%20voor%20Fenerbah%C3%A7e.\" rel=\"nofollow noopener\" target=\"_blank\">Sebastian Szymanski<\/a> blijft daar maar bij vallen. Turkse bronnen claimen te weten dat PSV recent, nog n\u00e1 de toezegging van Veerman, een bod van negen miljoen euro heeft neergelegd bij Fenerbah\u00e7e. Dat bod zou echter zijn afgewezen en het valt nog te bezien of Earnest Stewart terug gaat komen met een verhoogde aanbieding.<\/p>\n<p>Bovendien zou Fener ook in gesprek zijn met Stade Rennes, dat volgens de laatste geluiden zelfs bijna dertien miljoen euro veil heeft liggen voor de oud-Feyenoorder.<\/p>\n<p>\u201cIk heb sterk de indruk dat dit grote onzin is of nogal oud nieuws\u201d, zegt clubwatcher Rik Elfrink van het Eindhovens Dagblad over de speculaties rond Szymanski.<\/p>\n<blockquote class=\"twitter-tweet\" data-width=\"550\" data-dnt=\"true\">\n<p lang=\"tr\" dir=\"ltr\">\u00d6ZEL | PSV Eindhoven\u2019\u0131n Sebastian Szyma\u0144ski i\u00e7in yapt\u0131\u011f\u0131 9 milyon euroluk s\u00f6zl\u00fc teklif reddedildi.<\/p>\n<p>\u2014 Ya\u011f\u0131z Sabuncuo\u011flu (@yagosabuncuoglu) <a href=\"https:\/\/twitter.com\/yagosabuncuoglu\/status\/2008866744744714573?ref_src=twsrc%5Etfw\" rel=\"nofollow noopener\" target=\"_blank\">January 7, 2026<\/a><\/p><\/blockquote>\n<p>        PSV moet voor Szymanski gaan    <\/p>\n<ul class=\"bc-poll__options gap-4 list-unstyled bc-poll__voted-remove\">\n<li class=\"bc-poll__option fs-8 fw-bold p-2 mb-4 bg-black text-white text-success-hover\" data-bc-option-id=\"1\" data-bc-selected-classes=\"text-success\" data-bc-icon-name-default=\"square-fill\" data-bc-icon-name-selected=\"check-square\" data-bc-icon-name-selected-classes=\"text-success me-2\">\n<p>                                Eens            <\/li>\n<li class=\"bc-poll__option fs-8 fw-bold p-2 mb-4 bg-black text-white text-success-hover\" data-bc-option-id=\"2\" data-bc-selected-classes=\"text-success\" data-bc-icon-name-default=\"square-fill\" data-bc-icon-name-selected=\"check-square\" data-bc-icon-name-selected-classes=\"text-success me-2\">\n<p>                                Oneens            <\/li>\n<\/ul>\n<p>            <script async src=\"https:\/\/platform.twitter.com\/widgets.js\" charset=\"utf-8\"><\/script><\/p>\n","protected":false},"excerpt":{"rendered":"PSV verzekerde zich onlangs nog voor de rest van het seizoen van Joey Veerman, die tot de zomer&hellip;\n","protected":false},"author":2,"featured_media":105681,"comment_status":"","ping_status":"","sticky":false,"template":"","format":"standard","meta":{"footnotes":""},"categories":[21],"tags":[48,46,47,49,45,50,92,91],"class_list":{"0":"post-105680","1":"post","2":"type-post","3":"status-publish","4":"format-standard","5":"has-post-thumbnail","7":"category-sport","8":"tag-dutch","9":"tag-nederland","10":"tag-nederlanden","11":"tag-nederlands","12":"tag-netherlands","13":"tag-nl","14":"tag-sport","15":"tag-sports"},"share_on_mastodon":{"url":"https:\/\/pubeurope.com\/@nl\/115856627650519049","error":""},"_links":{"self":[{"href":"https:\/\/www.europesays.com\/nl\/wp-json\/wp\/v2\/posts\/105680","targetHints":{"allow":["GET"]}}],"collection":[{"href":"https:\/\/www.europesays.com\/nl\/wp-json\/wp\/v2\/posts"}],"about":[{"href":"https:\/\/www.europesays.com\/nl\/wp-json\/wp\/v2\/types\/post"}],"author":[{"embeddable":true,"href":"https:\/\/www.europesays.com\/nl\/wp-json\/wp\/v2\/users\/2"}],"replies":[{"embeddable":true,"href":"https:\/\/www.europesays.com\/nl\/wp-json\/wp\/v2\/comments?post=105680"}],"version-history":[{"count":0,"href":"https:\/\/www.europesays.com\/nl\/wp-json\/wp\/v2\/posts\/105680\/revisions"}],"wp:featuredmedia":[{"embeddable":true,"href":"https:\/\/www.europesays.com\/nl\/wp-json\/wp\/v2\/media\/105681"}],"wp:attachment":[{"href":"https:\/\/www.europesays.com\/nl\/wp-json\/wp\/v2\/media?parent=105680"}],"wp:term":[{"taxonomy":"category","embeddable":true,"href":"https:\/\/www.europesays.com\/nl\/wp-json\/wp\/v2\/categories?post=105680"},{"taxonomy":"post_tag","embeddable":true,"href":"https:\/\/www.europesays.com\/nl\/wp-json\/wp\/v2\/tags?post=105680"}],"curies":[{"name":"wp","href":"https:\/\/api.w.org\/{rel}","templated":true}]}}