{"id":105720,"date":"2026-01-08T02:00:09","date_gmt":"2026-01-08T02:00:09","guid":{"rendered":"https:\/\/www.europesays.com\/nl\/105720\/"},"modified":"2026-01-08T02:00:09","modified_gmt":"2026-01-08T02:00:09","slug":"fc-barcelona-levert-galavoorstelling-af-en-is-finalist-in-de-supercopa","status":"publish","type":"post","link":"https:\/\/www.europesays.com\/nl\/105720\/","title":{"rendered":"FC Barcelona levert galavoorstelling af en is finalist in de Supercopa"},"content":{"rendered":"<p>FC Barcelona heeft zich met enorme overtuiging ten koste van Athletic Club geplaatst voor de finale van de Spaanse Supercopa. In Jeddah stond het voor rust al 4-0 na treffers van Ferran Torres, Ferm\u00edn L\u00f3pez, Roony Bardghji en Raphinha. Na rust maakte Raphinha Bar\u00e7a&#8217;s laatste treffer: 5-0. Barcelona neemt het in de finale op tegen de winnaar van de halve finale tussen Real Madrid en Atl\u00e9tico Madrid.\u00a0<\/p>\n<p>Barcelona, met aanvoerder Frenkie de Jong in de basis, pakte halverwege de eerste helft de leiding. Roony legde breed op Ferm\u00edn, die de bal op zijn beurt weer bij Ferran bracht. De Spanjaard nam aan en rondde vlak voor de neus van Unai Sim\u00f3n af: 1-0.\u00a0<\/p>\n<p>Het zou een bijzonder vervelende avond worden voor de doelman van Athletic en het Spaanse nationale elftal. Na een halfuur verdubbelde Ferm\u00edn de voorsprong. Hij werd in totale vrijheid bereikt door Raphinha en schoot met links hard binnen.\u00a0<\/p>\n<p>Vier minuten later moest Sim\u00f3n opnieuw vissen en weer was Ferm\u00edn belangrijk. De rechtspoot legde af op Roony, die naar binnen dreigde te kappen, voordat hij zijn directe tegenstander \u00e9n Sim\u00f3n verraste met een knal in de korte hoek: 3-0.<\/p>\n<p>Weer vier minuten later stond er een 4-0 stand op het scorebord in het King Abdullah Sports City Stadium. Raphinha nam de bal aan op zijn borst, stormde de zestien binnen en liet Sim\u00f3n volstrekt kansloos met een heerlijk knal in het dak van het doel.\u00a0<\/p>\n<p>De tweede helft was nog geen zeven minuten oud toen Raphinha zijn tweede van de avond maakte. De Braziliaan stond in de zestien op de juiste plek om een andermaal vloeiende Bar\u00e7a-aanval af te ronden.\u00a0<\/p>\n<p>Nadien spaarde Barcelona zijn krachten. Athletic mocht zowaar een paar keer aan scoren denken, maar mede door de matige afronding van de Basken hield Joan Garc\u00eda de nul. Barcelona kan nu rustig afwachten welke Madrileense club het treft in de finale. Atl\u00e9tico en Real staan donderdagavond tegenover elkaar.\u00a0<\/p>\n","protected":false},"excerpt":{"rendered":"FC Barcelona heeft zich met enorme overtuiging ten koste van Athletic Club geplaatst voor de finale van de&hellip;\n","protected":false},"author":2,"featured_media":105721,"comment_status":"","ping_status":"","sticky":false,"template":"","format":"standard","meta":{"footnotes":""},"categories":[21],"tags":[22686,2289,22688,48,46,47,49,45,50,92,91,19745],"class_list":{"0":"post-105720","1":"post","2":"type-post","3":"status-publish","4":"format-standard","5":"has-post-thumbnail","7":"category-sport","8":"tag-athletic-bilbao","9":"tag-barcelona","10":"tag-barcelona-vs-athletic-bilbao","11":"tag-dutch","12":"tag-nederland","13":"tag-nederlanden","14":"tag-nederlands","15":"tag-netherlands","16":"tag-nl","17":"tag-sport","18":"tag-sports","19":"tag-super-cup"},"share_on_mastodon":{"url":"https:\/\/pubeurope.com\/@nl\/115857012994949560","error":""},"_links":{"self":[{"href":"https:\/\/www.europesays.com\/nl\/wp-json\/wp\/v2\/posts\/105720","targetHints":{"allow":["GET"]}}],"collection":[{"href":"https:\/\/www.europesays.com\/nl\/wp-json\/wp\/v2\/posts"}],"about":[{"href":"https:\/\/www.europesays.com\/nl\/wp-json\/wp\/v2\/types\/post"}],"author":[{"embeddable":true,"href":"https:\/\/www.europesays.com\/nl\/wp-json\/wp\/v2\/users\/2"}],"replies":[{"embeddable":true,"href":"https:\/\/www.europesays.com\/nl\/wp-json\/wp\/v2\/comments?post=105720"}],"version-history":[{"count":0,"href":"https:\/\/www.europesays.com\/nl\/wp-json\/wp\/v2\/posts\/105720\/revisions"}],"wp:featuredmedia":[{"embeddable":true,"href":"https:\/\/www.europesays.com\/nl\/wp-json\/wp\/v2\/media\/105721"}],"wp:attachment":[{"href":"https:\/\/www.europesays.com\/nl\/wp-json\/wp\/v2\/media?parent=105720"}],"wp:term":[{"taxonomy":"category","embeddable":true,"href":"https:\/\/www.europesays.com\/nl\/wp-json\/wp\/v2\/categories?post=105720"},{"taxonomy":"post_tag","embeddable":true,"href":"https:\/\/www.europesays.com\/nl\/wp-json\/wp\/v2\/tags?post=105720"}],"curies":[{"name":"wp","href":"https:\/\/api.w.org\/{rel}","templated":true}]}}