{"id":105749,"date":"2026-01-08T04:11:07","date_gmt":"2026-01-08T04:11:07","guid":{"rendered":"https:\/\/www.europesays.com\/nl\/105749\/"},"modified":"2026-01-08T04:11:07","modified_gmt":"2026-01-08T04:11:07","slug":"vreemdelingenpolitie-ice-doodt-vrouw-in-minneapolis-sodemieter-op-uit-onze-stad-zegt-de-burgemeester","status":"publish","type":"post","link":"https:\/\/www.europesays.com\/nl\/105749\/","title":{"rendered":"Vreemdelingenpolitie ICE doodt vrouw in Minneapolis. \u2018Sodemieter op uit onze stad\u2019, zegt de burgemeester"},"content":{"rendered":"<p>Een agent van vreemdelingenpolitie ICE heeft woensdag een 37-jarige vrouw doodgeschoten in Minneapolis, de grootste stad van Minnesota, een staat die grenst aan Canada. Burgemeester Jacob Frey <a href=\"https:\/\/c-span.org\/event\/news-conference\/minneapolis-mayor-briefs-on-ice-related-shooting\/439310\" rel=\"nofollow noopener\" target=\"_blank\">zei in een persconferentie<\/a> dat hij videobeelden van het voorval heeft gezien en dat de agent roekeloos geweld gebruikte. Het verantwoordelijke ministerie van Binnenlandse Veiligheid zegt dat de vrouw met haar auto op de agenten wilde inrijden. De schutter zou uit zelfverdediging hebben gehandeld en een \u201eterreurdaad\u201d hebben voorkomen. De reactie van de burgemeester op die verklaring: \u201eKletskoek.\u201d Ook gouverneur Tim Walz schrijft <a href=\"https:\/\/x.com\/GovTimWalz\/status\/2008980259199394021\" rel=\"nofollow\">op X<\/a>: \u201eIk heb de beelden gezien. Geloof niet in de propagandamachine.\u201d<\/p>\n<p>Op sociale media gaan <a href=\"https:\/\/x.com\/i\/status\/2008961959731859757\" rel=\"nofollow\">beelden van het incident <\/a>rond. Daarop is te zien dat een roodbruine Honda Pilot overdwars op de rijweg staat, tussen verschillende stilstaande en rijdende auto\u2019s in. Als vanuit een pas gearriveerde auto met een zwaailicht achter de voorruit twee mannen in camouflagekleding \u2013 kennelijk ICE-agenten \u2013 aflopen op de Honda, schakelt de bestuurder de auto in z\u2019n achteruit, rijdt langzaam een stukje naar achteren, terwijl de agenten aan de handgreep van de deur trekken. Dan rijdt de Honda vooruit, met een bochtje om een stilstaande auto heen. Dat is het moment waarop een ICE-agent die voor de voorkant van de auto staat, twee schoten lost. De Honda botst dan tegen een geparkeerde auto.<\/p>\n<p>Somalische gemeenschap gebrandmerkt<\/p>\n<p>Het dodelijk incident speelt zich af tegen een drastische escalatie van ICE-operaties in Minneapolis, een stad die om verschillende redenen in het vizier van president Trump is gekomen. Naar aanleiding van een grootschalig fraudeschandaal met kinderopvangsubsidies heeft de regering met een beschuldigende vinger gewezen naar de grote Somalische gemeenschap in Minneapolis. <\/p>\n<p>Trump had die gemeenschap al gebrandmerkt in december, toen hij bij een persgesprek over de dood van twee leden van de National Guard in Washington, vermoord door een Afghaanse man, in \u00e9\u00e9n adem zei dat zowel Afghanen als Somali\u00ebrs de Verenigde Staten uit zouden moeten. \u201e<a href=\"https:\/\/www.youtube.com\/watch?v=Mhe0c-QI7OE\" rel=\"nofollow noopener\" target=\"_blank\">Wat hebben Somali\u00ebrs te maken <\/a>met deze Afghaanse man\u201d, vroeg een verslaggever. \u201eNiets\u201d, zei Trump, \u201emaar Somali\u00ebrs veroorzaken een hoop problemen.\u201d Ze moeten wat de president betreft \u201eterug naar waar ze vandaan komen\u201d. Volgens hem is het \u201eniet voor niets dat het zo\u2019n beroerd land is\u201d. Hij kondigde in december al aan dat hij de vreemdelingenpolitie naar Minneapolis zou sturen.<\/p>\n<p>\u2018Grootste deportatie-operatie ooit\u2019<\/p>\n<p>Dinsdag kwam minister<a href=\"https:\/\/www.youtube.com\/watch?v=vWjBNBPdgjc\" rel=\"nofollow noopener\" target=\"_blank\"> Kristi Noem<\/a> van Binnenlandse Veiligheid naar de stad om een nieuwe deportatiegolf van ICE te ondersteunen. Na het schietincident zei Noem in een persverklaring dat de ICE-agenten ter plekke bezig \u201ewaren hun in de sneeuw vastgelopen auto los te duwen toen de vrouw hen aanviel\u201d. Dat is in elk geval niet wat de beelden tonen.<\/p>\n<p><a href=\"https:\/\/www.youtube.com\/watch?v=w_yTosogMLQ\" rel=\"nofollow noopener\" target=\"_blank\">Nieuwszender CBS<\/a> berichtte dinsdag dat tweeduizend agenten in de staat Minnesota waren aangekomen voor \u201ede grootste deportatie-operatie ooit\u201d. Dat is meer dan dubbel zoveel als de capaciteit van de lokale politie. Er werden onmiddellijk migranten aangehouden.<\/p>\n<p>Net als bij ICE-acties in andere delen van het land zijn ook de agenten in Minneapolis bij hun werk gevolgd door omstanders. Sommigen zeiden hun aanwezigheid toe te juichen. Anderen filmden vooral de agenten, die gemaskerd en niet-identificeerbaar optreden. <\/p>\n<p>Burgerrechtenorganisaties hebben herhaaldelijk hun zorgen geuit over de hardhandige arrestaties en deportaties zonder tussenkomst van een rechter die daarvan het gevolg zijn. In enkele gevallen hebben rechters uitzettingen als onrechtmatig betiteld.<\/p>\n<p>\u2018ICE zorgt voor chaos\u2019<\/p>\n<p>Het doodschieten van een vrouw, van wie de naam woensdagavond nog niet was vrijgegeven, heeft burgemeester Jacob Frey tot een krachtige veroordeling gebracht. Hij zei, net als de gouverneur van Minnesota Tim Walz een dag eerder, dat de massale aanwezigheid van de gemaskerde vreemdelingenpolitie de stad en haar inwoners niet veiliger maakt, maar juist leidt tot \u201echaos en wantrouwen\u201d.<\/p>\n<p>Frey bezwoer dat dood van de vrouw tot op de bodem moet worden uitgezocht. \u201eWij vreesden al dat zoiets zou gebeuren\u201d, zei hij. En hij had \u201eeen boodschap voor ICE\u201d, die hij ervan beschuldigde dit incident zelf te hebben veroorzaakt: \u201eGet the fuck out of Minneapolis.\u201d<\/p>\n<p>Frey was ook al burgemeester van Minneapolis toen de stad in 2020 toneel werd van grootschalige rellen na de dood van arrestant George Floyd door toedoen van een politieagent. Na enkele nachten vol geweld gaf gouverneur Walz destijds toestemming om de National Guard in te zetten. Daarop werden de rellen onderdrukt.<\/p>\n<p>Geef cadeau<\/p>\n<p>Deel<\/p>\n<p>Mail de redactie<\/p>\n<p><a aria-label=\"The Trust Project, lees meer over de journalistieke principes van NRC\" class=\"trust__message\" href=\"http:\/\/www.nrc.nl\/over-ons\/#principes\" rel=\"nofollow noopener\" target=\"_blank\"><\/p>\n<p>\tDe journalistieke principes van NRC<br \/>\n<\/a> <\/p>\n","protected":false},"excerpt":{"rendered":"Een agent van vreemdelingenpolitie ICE heeft woensdag een 37-jarige vrouw doodgeschoten in Minneapolis, de grootste stad van Minnesota,&hellip;\n","protected":false},"author":2,"featured_media":105750,"comment_status":"","ping_status":"","sticky":false,"template":"","format":"standard","meta":{"footnotes":""},"categories":[5],"tags":[39,40,48,43,44,34,35,41,42,46,47,49,45,32,33,50,36,37,38],"class_list":{"0":"post-105749","1":"post","2":"type-post","3":"status-publish","4":"format-standard","5":"has-post-thumbnail","7":"category-hoofdpunten","8":"tag-breaking-news","9":"tag-breakingnews","10":"tag-dutch","11":"tag-featured-news","12":"tag-featurednews","13":"tag-headlines","14":"tag-hoofdpunten","15":"tag-latest-news","16":"tag-latestnews","17":"tag-nederland","18":"tag-nederlanden","19":"tag-nederlands","20":"tag-netherlands","21":"tag-news","22":"tag-nieuws","23":"tag-nl","24":"tag-top-stories","25":"tag-topstories","26":"tag-voorpaginanieuws"},"share_on_mastodon":{"url":"https:\/\/pubeurope.com\/@nl\/115857528086325063","error":""},"_links":{"self":[{"href":"https:\/\/www.europesays.com\/nl\/wp-json\/wp\/v2\/posts\/105749","targetHints":{"allow":["GET"]}}],"collection":[{"href":"https:\/\/www.europesays.com\/nl\/wp-json\/wp\/v2\/posts"}],"about":[{"href":"https:\/\/www.europesays.com\/nl\/wp-json\/wp\/v2\/types\/post"}],"author":[{"embeddable":true,"href":"https:\/\/www.europesays.com\/nl\/wp-json\/wp\/v2\/users\/2"}],"replies":[{"embeddable":true,"href":"https:\/\/www.europesays.com\/nl\/wp-json\/wp\/v2\/comments?post=105749"}],"version-history":[{"count":0,"href":"https:\/\/www.europesays.com\/nl\/wp-json\/wp\/v2\/posts\/105749\/revisions"}],"wp:featuredmedia":[{"embeddable":true,"href":"https:\/\/www.europesays.com\/nl\/wp-json\/wp\/v2\/media\/105750"}],"wp:attachment":[{"href":"https:\/\/www.europesays.com\/nl\/wp-json\/wp\/v2\/media?parent=105749"}],"wp:term":[{"taxonomy":"category","embeddable":true,"href":"https:\/\/www.europesays.com\/nl\/wp-json\/wp\/v2\/categories?post=105749"},{"taxonomy":"post_tag","embeddable":true,"href":"https:\/\/www.europesays.com\/nl\/wp-json\/wp\/v2\/tags?post=105749"}],"curies":[{"name":"wp","href":"https:\/\/api.w.org\/{rel}","templated":true}]}}