{"id":106137,"date":"2026-01-08T13:32:10","date_gmt":"2026-01-08T13:32:10","guid":{"rendered":"https:\/\/www.europesays.com\/nl\/106137\/"},"modified":"2026-01-08T13:32:10","modified_gmt":"2026-01-08T13:32:10","slug":"zien-olcay-gulsen-geeft-lapdance-terwijl-vriend-toekijkt","status":"publish","type":"post","link":"https:\/\/www.europesays.com\/nl\/106137\/","title":{"rendered":"Zien: Olcay Gulsen geeft lapdance terwijl vriend toekijkt"},"content":{"rendered":"<p class=\"mui-173mato e10ntc2u0\">Olcay Gulsen genoot samen met haar lover Eelko van Kooten van een heerlijke vakantie op het Caribische eiland Saint Barth. Maar naast de bountystranden kent het eiland ook een bruisend uitgaansleven. Het stel besloot een feestje mee te pakken en dat bleef niet onopgemerkt. Olcay ging los, h\u00e9\u00e9l los, en liet haar meest pikante moves zien. Zelfs een wereldberoemde dj ontkwam niet aan een lapdance. Oeh l\u00e0 l\u00e0&#8230;<\/p>\n<p class=\"mui-173mato e10ntc2u0\">Op social media gaat een filmpje rond waarop te zien is dat Olcay achter de dj-booth staat en de Franse dj Bob Sinclair een lapdance geeft. Wat Eelko daarvan vindt? Die lijkt er geen moeite mee te hebben. Na afloop geeft hij Bob gewoon een knuffel. En surprise surprise, het was Eelko die het filmpje op social media plaatste.\u00a0<\/p>\n<p>Gezinsuitbreiding<\/p>\n<p class=\"mui-173mato e10ntc2u0\">Olcay en Eelko hebben onlangs hun gezin\u00a0<a rel=\"noopener noreferrer nofollow\" target=\"_blank\" class=\"mui-1i4zqbr e1bmvyuj0\" href=\"https:\/\/www.shownieuws.nl\/entertainment\/bners\/artikelen\/grote-droom-van-olcay-gulsen-komt-uit\">uitgebreid\u00a0<\/a>met een schattig nieuw lid: <a rel=\"noopener noreferrer nofollow\" target=\"_blank\" class=\"mui-1i4zqbr e1bmvyuj0\" href=\"https:\/\/www.shownieuws.nl\/entertainment\/bners\/artikelen\/bijzondere-aanwinst-voor-olcay-gulsen-en-vriend-is-het-egoistisch\">puppy Billie<\/a>. Voor de onderneemster is het een droom die uitkomt, maar het loopt toch n\u00e9t even anders dan verwacht.\u00a0&#8220;Ik ben een beetje de stiefmoeder.&#8221;<\/p>\n<p class=\"mui-173mato e10ntc2u0\">Olcay heeft altijd al gedroomd van een viervoeter, laat ze aan\u00a0RTL Boulevard\u00a0weten. Toch was het lastig te combineren met haar avontuurlijke tripjes. &#8220;Ik dacht altijd: ik reis veel, is het dan niet ego\u00efstisch om een hond te nemen?&#8221;<\/p>\n<p>&#8216;Daar hoort een hondje bij&#8217;<\/p>\n<p class=\"mui-173mato e10ntc2u0\">Maar dat probleem loste zich op toen Eelko aanbood dat zijn vaste team het hondje dan wel zou kunnen opvangen. &#8220;En mijn manager wil ook graag oppassen en wandelen&#8221;, vertelde ze. &#8220;Dus als ik dan toch dat burgerlijke leven inga, dan hoort daar toch wel een hondje bij.&#8221;<\/p>\n<p class=\"mui-173mato e10ntc2u0\">Hondje Billie en Eelko zijn inmiddels onafscheidelijk. Tijdens het uitzoeken van een puppy uit het nestje liep Billie gelijk naar zijn nieuwe baasje toe. En Olcay? &#8220;Ik had een ideaalbeeld van een donkerbruin hondje. Maar er was een ander hondje dat meteen op Eelko afliep. En toen was het liefde op het eerste gezicht. En ja, ik woon er ook, maar ik ben een beetje de stiefmoeder&#8221;, grapt ze.<\/p>\n<p>Een compleet liefdesnestje<\/p>\n<p class=\"mui-173mato e10ntc2u0\">En nu is het gezinnetje van Olcay toch \u00e9cht compleet: met de liefde van haar leven en een trouwe viervoeter. Afgelopen zomer vierde Olcay samen met haar partner Eelko dat ze al \u00e9\u00e9n jaar samen zijn: &#8220;365 dagen verliefd op jou.&#8221; Ook omschreef ze deze periode als &#8220;het\u00a0<a rel=\"noopener noreferrer nofollow\" target=\"_blank\" class=\"mui-1i4zqbr e1bmvyuj0\" href=\"https:\/\/www.shownieuws.nl\/entertainment\/bners\/artikelen\/olcay-gulsen-deelt-prachtig-liefdesnieuws-beste-jaar-van-mijn-leven\">beste jaar van mijn leven<\/a>&#8220;.<\/p>\n<p><img alt=\"Olcay Gulsen is een jaar samen met Eelko van Kooten\" loading=\"lazy\" decoding=\"async\" data-nimg=\"fill\" class=\"mui-nacstu e1qtpq9e5\" style=\"position:absolute;height:100%;width:100%;left:0;top:0;right:0;bottom:0;color:transparent\"   src=\"https:\/\/www.europesays.com\/nl\/wp-content\/uploads\/2025\/10\/olcay-gulsen-is-een-jaar-samen-met-eelko-van-kooten.jpg\"\/><\/p>\n<p>0:16<\/p>\n<p>Olcay Gulsen is een jaar samen met Eelko van Kooten<\/p>\n","protected":false},"excerpt":{"rendered":"Olcay Gulsen genoot samen met haar lover Eelko van Kooten van een heerlijke vakantie op het Caribische eiland&hellip;\n","protected":false},"author":2,"featured_media":106138,"comment_status":"","ping_status":"","sticky":false,"template":"","format":"standard","meta":{"footnotes":""},"categories":[31],"tags":[99,147,48,98,46,47,49,45,50],"class_list":{"0":"post-106137","1":"post","2":"type-post","3":"status-publish","4":"format-standard","5":"has-post-thumbnail","7":"category-celebrities","8":"tag-amusement","9":"tag-celebrities","10":"tag-dutch","11":"tag-entertainment","12":"tag-nederland","13":"tag-nederlanden","14":"tag-nederlands","15":"tag-netherlands","16":"tag-nl"},"share_on_mastodon":{"url":"https:\/\/pubeurope.com\/@nl\/115859734026300250","error":""},"_links":{"self":[{"href":"https:\/\/www.europesays.com\/nl\/wp-json\/wp\/v2\/posts\/106137","targetHints":{"allow":["GET"]}}],"collection":[{"href":"https:\/\/www.europesays.com\/nl\/wp-json\/wp\/v2\/posts"}],"about":[{"href":"https:\/\/www.europesays.com\/nl\/wp-json\/wp\/v2\/types\/post"}],"author":[{"embeddable":true,"href":"https:\/\/www.europesays.com\/nl\/wp-json\/wp\/v2\/users\/2"}],"replies":[{"embeddable":true,"href":"https:\/\/www.europesays.com\/nl\/wp-json\/wp\/v2\/comments?post=106137"}],"version-history":[{"count":0,"href":"https:\/\/www.europesays.com\/nl\/wp-json\/wp\/v2\/posts\/106137\/revisions"}],"wp:featuredmedia":[{"embeddable":true,"href":"https:\/\/www.europesays.com\/nl\/wp-json\/wp\/v2\/media\/106138"}],"wp:attachment":[{"href":"https:\/\/www.europesays.com\/nl\/wp-json\/wp\/v2\/media?parent=106137"}],"wp:term":[{"taxonomy":"category","embeddable":true,"href":"https:\/\/www.europesays.com\/nl\/wp-json\/wp\/v2\/categories?post=106137"},{"taxonomy":"post_tag","embeddable":true,"href":"https:\/\/www.europesays.com\/nl\/wp-json\/wp\/v2\/tags?post=106137"}],"curies":[{"name":"wp","href":"https:\/\/api.w.org\/{rel}","templated":true}]}}