{"id":106176,"date":"2026-01-08T14:14:07","date_gmt":"2026-01-08T14:14:07","guid":{"rendered":"https:\/\/www.europesays.com\/nl\/106176\/"},"modified":"2026-01-08T14:14:07","modified_gmt":"2026-01-08T14:14:07","slug":"vajen-van-den-bosch-droomt-van-coach-zijn-bij-the-voice-kids-allergrootste-wens","status":"publish","type":"post","link":"https:\/\/www.europesays.com\/nl\/106176\/","title":{"rendered":"Vaj\u00e8n van den Bosch droomt van coach zijn bij The Voice Kids: &#8216;Allergrootste wens&#8217;"},"content":{"rendered":"\n<p>&#8220;Qua werk lijkt het me geweldig om ooit programma&#8217;s te presenteren&#8221;<\/p>\n<p>&#8220;Qua werk lijkt het me geweldig om ooit programma&#8217;s te presenteren. Sowieso zou ik meer televisie doen, maar mijn allergrootste wens is coach worden bij The Voice Kids, omdat ik daar zelf ooit begonnen ben&#8221;, zegt de zangeres en actrice. In het gesprek geeft ze ook aan uiteindelijk een betere balans te willen tussen werk en priv\u00e9, zodat ze meer tijd met haar dierbaren kan doorbrengen. &#8220;Ik moet eerlijk bekennen dat werk op dit moment wel op \u00e9\u00e9n staat&#8221;, aldus Vaj\u00e8n eerder in het gesprek.<\/p>\n<p>The Voice Kids keert later dit jaar weer terug op televisie. Ilse DeLange, Claude, Flemming en Emma Heesters zijn daarin de coaches.<\/p>\n<p>Vaj\u00e8n van den Bosch schittert dit jaar in de Britse versie van The Greatest Showman. Deze week vertrok ze naar het buitenland en wij spraken haar vlak voordat ze het vliegtuig instapte.<\/p>\n<p>\u00a0<\/p>\n<p>\u00a0<\/p>\n","protected":false},"excerpt":{"rendered":"&#8220;Qua werk lijkt het me geweldig om ooit programma&#8217;s te presenteren&#8221; &#8220;Qua werk lijkt het me geweldig om&hellip;\n","protected":false},"author":2,"featured_media":106177,"comment_status":"","ping_status":"","sticky":false,"template":"","format":"standard","meta":{"footnotes":""},"categories":[31],"tags":[99,147,48,98,46,47,49,45,50,9632,7451],"class_list":{"0":"post-106176","1":"post","2":"type-post","3":"status-publish","4":"format-standard","5":"has-post-thumbnail","7":"category-celebrities","8":"tag-amusement","9":"tag-celebrities","10":"tag-dutch","11":"tag-entertainment","12":"tag-nederland","13":"tag-nederlanden","14":"tag-nederlands","15":"tag-netherlands","16":"tag-nl","17":"tag-the-voice-kids","18":"tag-vajen-van-den-bosch"},"share_on_mastodon":{"url":"https:\/\/pubeurope.com\/@nl\/115859899189772595","error":""},"_links":{"self":[{"href":"https:\/\/www.europesays.com\/nl\/wp-json\/wp\/v2\/posts\/106176","targetHints":{"allow":["GET"]}}],"collection":[{"href":"https:\/\/www.europesays.com\/nl\/wp-json\/wp\/v2\/posts"}],"about":[{"href":"https:\/\/www.europesays.com\/nl\/wp-json\/wp\/v2\/types\/post"}],"author":[{"embeddable":true,"href":"https:\/\/www.europesays.com\/nl\/wp-json\/wp\/v2\/users\/2"}],"replies":[{"embeddable":true,"href":"https:\/\/www.europesays.com\/nl\/wp-json\/wp\/v2\/comments?post=106176"}],"version-history":[{"count":0,"href":"https:\/\/www.europesays.com\/nl\/wp-json\/wp\/v2\/posts\/106176\/revisions"}],"wp:featuredmedia":[{"embeddable":true,"href":"https:\/\/www.europesays.com\/nl\/wp-json\/wp\/v2\/media\/106177"}],"wp:attachment":[{"href":"https:\/\/www.europesays.com\/nl\/wp-json\/wp\/v2\/media?parent=106176"}],"wp:term":[{"taxonomy":"category","embeddable":true,"href":"https:\/\/www.europesays.com\/nl\/wp-json\/wp\/v2\/categories?post=106176"},{"taxonomy":"post_tag","embeddable":true,"href":"https:\/\/www.europesays.com\/nl\/wp-json\/wp\/v2\/tags?post=106176"}],"curies":[{"name":"wp","href":"https:\/\/api.w.org\/{rel}","templated":true}]}}