{"id":106254,"date":"2026-01-08T15:25:08","date_gmt":"2026-01-08T15:25:08","guid":{"rendered":"https:\/\/www.europesays.com\/nl\/106254\/"},"modified":"2026-01-08T15:25:08","modified_gmt":"2026-01-08T15:25:08","slug":"meisje-met-de-parel-gaat-tijdelijk-naar-japan","status":"publish","type":"post","link":"https:\/\/www.europesays.com\/nl\/106254\/","title":{"rendered":"Meisje met de Parel gaat tijdelijk naar Japan"},"content":{"rendered":"<p><img alt=\"\" decoding=\"async\" loading=\"eager\" src=\"https:\/\/www.europesays.com\/nl\/wp-content\/uploads\/2026\/01\/1767885907_289_1024x576a.jpg\" class=\"sc-bcb3b750-1 cULYcE\"\/>ANPEen bezoeker maakt een foto van Meisje met de parel van Vermeer<img decoding=\"async\" alt=\"\" class=\"sc-ebf2051d-2 kqiOsI\" role=\"presentation\" src=\"https:\/\/static.nos.nl\/regio\/logos\/ZH-West\/Regio_ZH-West.svg\" data-sentry-component=\"BroadcasterIcon\" data-sentry-source-file=\"BroadcasterIcon.tsx\"\/><\/p>\n<p>In samenwerking met<\/p>\n<p>Omroep West<\/p>\n<p>NOS Nieuws\u2022vandaag, 15:50<\/p>\n<p class=\"sc-2ea02837-0 fedhGB\" id=\"644851694205411\">Het wereldberoemde schilderij Meisje met de parel van Johannes Vermeer verhuist tijdelijk van het Mauritshuis in Den Haag naar Japan. Dat gebeurt vanwege een geplande verbouwing, waardoor het museum in augustus en september is gesloten. In die periode is het werk te zien in Osaka.<\/p>\n<p class=\"sc-2ea02837-0 fedhGB\" id=\"971476962379545\">Voor veel Japanners is dat goed nieuws, want dan hoeven ze niet zo&#8217;n eind te reizen om hun favoriete schilderij te zien. &#8220;Wij ontvangen elk jaar duizenden Japanse toeristen die dol zijn op Vermeers Meisje met de parel&#8221;, zegt directeur Martine Goselink bij <a href=\"https:\/\/www.omroepwest.nl\/cultuur\/5056643\/meisje-met-de-parel-tijdelijk-weg-uit-mauritshuis\" data-tracking=\"elementType=external-link|elementId=https:\/\/www.omroepwest.nl\/cultuur\/5056643\/meisje-met-de-parel-tijdelijk-weg-uit-mauritshuis|eventType=navigation|eventName=open\" target=\"_blank\" rel=\"nofollow noopener\">Omroep West<\/a>.<\/p>\n<p class=\"sc-2ea02837-0 fedhGB\" id=\"980805474656402\">Het Mauritshuis sluit van maandag 24 augustus tot en met zondag 20 september de deuren voor publiek. Omdat het schilderij uit 1665 dan toch niet in Den Haag te zien is, is besloten het tijdelijk uit te lenen. Dat gebeurt alleen bij hoge uitzondering, benadrukt Goselink.<\/p>\n<p class=\"sc-2ea02837-0 fedhGB\" id=\"149068373048054\">Het wordt in die periode getoond in het Nakanoshima Museum of Art in Osaka. De presentatie wordt georganiseerd \u00e9n betaald door Asahi Shimbun, de op \u00e9\u00e9n na grootste krant van Japan. Het Mauritshuis werkt al jarenlang samen met deze partner.<\/p>\n<p>Geld naar verbouwing<\/p>\n<p class=\"sc-2ea02837-0 fedhGB\" id=\"188334015216091\">De financi\u00eble bijdrage van Asahi Shimbun wordt door het Mauritshuis ingezet voor de verbouwing. Ook gaat het geld naar de inrichting en exploitatie van het pand dat het Mauritshuis <a href=\"https:\/\/www.mauritshuis.nl\/persberichten\/mauritshuis-breidt-uit-door-verwerving-historisch-pand-aan-korte-vijverberg-4-den-haag\" data-tracking=\"elementType=external-link|elementId=https:\/\/www.mauritshuis.nl\/persberichten\/mauritshuis-breidt-uit-door-verwerving-historisch-pand-aan-korte-vijverberg-4-den-haag|eventType=navigation|eventName=open\" target=\"_blank\" rel=\"nofollow noopener\">heeft<\/a> aangekocht aan de Korte Vijverberg. Daar opent in 2028 een nieuw <a href=\"https:\/\/www.omroepwest.nl\/cultuur\/5041459\/mauritshuis-breidt-uit-met-historisch-pand-dit-is-een-unieke-kans\" data-tracking=\"elementType=external-link|elementId=https:\/\/www.omroepwest.nl\/cultuur\/5041459\/mauritshuis-breidt-uit-met-historisch-pand-dit-is-een-unieke-kans|eventType=navigation|eventName=open\" target=\"_blank\" rel=\"nofollow noopener\">Mauritshuis Educatie Centrum<\/a>.<\/p>\n<p class=\"sc-2ea02837-0 fedhGB\" id=\"256200595625878\">Directeur Gosselink noemt de reis bijzonder. &#8220;Voor het Mauritshuis is deze reis een unieke kans om het schilderij, misschien wel voor de allerlaatste keer, met het Japanse publiek te delen&#8221;, zegt ze.<\/p>\n<p class=\"sc-2ea02837-0 fedhGB\" id=\"681042417869375\">Toch is het niet de eerste keer dat het Meisje met de parel op reis gaat. Tijdens de verbouwing van het Mauritshuis tussen 2012 en 2014 maakte het schilderij een <a href=\"https:\/\/www.omroepwest.nl\/nieuws\/2566536\/wereldtournee-mauritshuis-trekt-2-2-miljoen-bezoekers\" data-tracking=\"elementType=external-link|elementId=https:\/\/www.omroepwest.nl\/nieuws\/2566536\/wereldtournee-mauritshuis-trekt-2-2-miljoen-bezoekers|eventType=navigation|eventName=open\" target=\"_blank\" rel=\"nofollow noopener\">wereldtournee<\/a>.<\/p>\n<p>2,2 miljoen bezoekers<\/p>\n<p class=\"sc-2ea02837-0 fedhGB\" id=\"627484970486538\">Die leverde toen geld op voor de renovatie van het museum. In die jaren zagen 2,2 miljoen bezoekers het werk in onder meer Japan en de Verenigde Staten.<\/p>\n<p class=\"sc-2ea02837-0 fedhGB\" id=\"992431656087519\">In 2023 werd het schilderij ook acht weken uitgeleend aan het Rijksmuseum in Amsterdam voor de grote Vermeer-tentoonstelling.<\/p>\n","protected":false},"excerpt":{"rendered":"ANPEen bezoeker maakt een foto van Meisje met de parel van Vermeer In samenwerking met Omroep West NOS&hellip;\n","protected":false},"author":2,"featured_media":106255,"comment_status":"","ping_status":"","sticky":false,"template":"","format":"standard","meta":{"footnotes":""},"categories":[30],"tags":[99,142,140,141,159,143,48,98,146,144,145,16841,22901,46,47,49,45,50,22902,1981,11642],"class_list":{"0":"post-106254","1":"post","2":"type-post","3":"status-publish","4":"format-standard","5":"has-post-thumbnail","7":"category-kunst-en-design","8":"tag-amusement","9":"tag-arts","10":"tag-arts-and-design","11":"tag-artsdesign","12":"tag-den-haag","13":"tag-design","14":"tag-dutch","15":"tag-entertainment","16":"tag-kunst","17":"tag-kunst-en-design","18":"tag-kunstdesign","19":"tag-mauritshuis","20":"tag-meisje-met-de-parel","21":"tag-nederland","22":"tag-nederlanden","23":"tag-nederlands","24":"tag-netherlands","25":"tag-nl","26":"tag-verbouwing","27":"tag-verhuizing","28":"tag-vermeer"},"share_on_mastodon":{"url":"https:\/\/pubeurope.com\/@nl\/115860178416171639","error":""},"_links":{"self":[{"href":"https:\/\/www.europesays.com\/nl\/wp-json\/wp\/v2\/posts\/106254","targetHints":{"allow":["GET"]}}],"collection":[{"href":"https:\/\/www.europesays.com\/nl\/wp-json\/wp\/v2\/posts"}],"about":[{"href":"https:\/\/www.europesays.com\/nl\/wp-json\/wp\/v2\/types\/post"}],"author":[{"embeddable":true,"href":"https:\/\/www.europesays.com\/nl\/wp-json\/wp\/v2\/users\/2"}],"replies":[{"embeddable":true,"href":"https:\/\/www.europesays.com\/nl\/wp-json\/wp\/v2\/comments?post=106254"}],"version-history":[{"count":0,"href":"https:\/\/www.europesays.com\/nl\/wp-json\/wp\/v2\/posts\/106254\/revisions"}],"wp:featuredmedia":[{"embeddable":true,"href":"https:\/\/www.europesays.com\/nl\/wp-json\/wp\/v2\/media\/106255"}],"wp:attachment":[{"href":"https:\/\/www.europesays.com\/nl\/wp-json\/wp\/v2\/media?parent=106254"}],"wp:term":[{"taxonomy":"category","embeddable":true,"href":"https:\/\/www.europesays.com\/nl\/wp-json\/wp\/v2\/categories?post=106254"},{"taxonomy":"post_tag","embeddable":true,"href":"https:\/\/www.europesays.com\/nl\/wp-json\/wp\/v2\/tags?post=106254"}],"curies":[{"name":"wp","href":"https:\/\/api.w.org\/{rel}","templated":true}]}}