{"id":10630,"date":"2025-10-01T14:30:08","date_gmt":"2025-10-01T14:30:08","guid":{"rendered":"https:\/\/www.europesays.com\/nl\/10630\/"},"modified":"2025-10-01T14:30:08","modified_gmt":"2025-10-01T14:30:08","slug":"reusser-wint-goud-bredewold-veroverd-brons","status":"publish","type":"post","link":"https:\/\/www.europesays.com\/nl\/10630\/","title":{"rendered":"Reusser wint goud, Bredewold veroverd brons"},"content":{"rendered":"<p>                                        woensdag 1 oktober 2025 om 15:24                                    <\/p>\n<p class=\"lead\"> <a href=\"https:\/\/www.wielerflits.nl\/profiel\/marlen-reusser\/\" class=\"wf-content-link\" rel=\"nofollow noopener\" target=\"_blank\">Marlen Reusser<\/a> is woensdag in de Dr\u00f4me Europees kampioen tijdrijden geworden. Krap anderhalve week na haar WK-succes in Rwanda, bleek de Zwitserse ook op het EK oppermachtig. <a href=\"https:\/\/www.wielerflits.nl\/profiel\/mischa-bredewold\/\" class=\"wf-content-link\" rel=\"nofollow noopener\" target=\"_blank\">Mischa Bredewold<\/a> leek op vier honderdsten van een seconde naast het podium te grijpen, maar kreeg na een tijdscorrectie toch de bronzen plak.\u00a0\n<\/p>\n<p>In het departement Dr\u00f4me werkten de rensters woensdagmiddag op het EK tijdrijden een licht glooiend parcours af van ongeveer 24,1 kilometer. Heel technisch was de chrono zeker niet, met veel doorduwwegen richting finishplaats Etoile-sur-Rhone. Het aantal hoogtemeters bedroeg in totaal 176, waardoor er toch vooral gekeken werd naar de hardrijdsters pur sang op dit parcours. Naar vrouwen als <a href=\"https:\/\/www.wielerflits.nl\/profiel\/marlen-reusser\/\" class=\"wf-content-link\" rel=\"nofollow noopener\" target=\"_blank\">Marlen Reusser<\/a>, maar ook zeker <a href=\"https:\/\/www.wielerflits.nl\/profiel\/mischa-bredewold\/\" class=\"wf-content-link\" rel=\"nofollow noopener\" target=\"_blank\">Mischa Bredewold<\/a> en Lieke Nooijen, die de Nederlandse eer hoog hielden in Frankrijk.<\/p>\n<p>In de openingsfase van de tijdrit was het vooral uitkijken naar de tijd van de Britse <a href=\"https:\/\/www.wielerflits.nl\/profiel\/anna-henderson\/\" class=\"wf-content-link\" rel=\"nofollow noopener\" target=\"_blank\">Anna Henderson<\/a>, die als een van de eerste rensters van start was gegaan op dit EK. Henderson, afgelopen week nog achtste op het WK tijdrijden, noteerde na 31 minuten en 9 seconden alvast een eerste richttijd.<\/p>\n<p>Daarna ging de blik op Lieke Nooijen en <a href=\"https:\/\/www.wielerflits.nl\/profiel\/juliette-labous\/\" class=\"wf-content-link\" rel=\"nofollow noopener\" target=\"_blank\">Juliette Labous<\/a>, maar ook stiekem op Mie Bj\u00f8rndal Ottestad, die zich de eerste tussenpunten kon meten aan de Nederlandse en de Fran\u00e7aise en alledrie sneller onderweg waren \u00e9n finishten dan Henderson. Van hen klokte Ottestad aan de meet de beste tijd, met een voorsprong van negen seconden op Nooijen en vijftien seconden op Labous. Was zij op weg naar een stunt?<\/p>\n<p>Reusser maakt korte metten met concurrentie<br \/>Nou, toppers als Aalerud, Bredewold en vooral Reusser moesten toen echter nog het merendeel van hun tijdrit afwerken. Al op het tweede tussenpunt wist de Zwitserse wereldkampioene zich te ontdoen van haar concurrentie, al moet ook gezegd worden dat de Noorse Aalerud haar op het eerste tussenpunt nog goed concurrentie had kunnen bieden.<\/p>\n<p>In het tweede deel van de tijdrit breidde Reusser haar voorsprong verder uit. Aan het derde tussenpunt was het namelijk al liefst vijftig seconden op de rest van haar concurrenten, waardoor duidelijk werd dat de Zwitserse na wereldkampioen ook Europees kampioen ging worden. Aan de meet bleef het verschil een kleine minuut in het voordeel van Reusser.<\/p>\n<p><img fetchpriority=\"high\" decoding=\"async\" aria-describedby=\"caption-attachment-1235530\" class=\"size-full wp-image-1235530\" src=\"https:\/\/www.europesays.com\/nl\/wp-content\/uploads\/2025\/10\/CORVOS_00038426-174-e1759325639599.jpg\" alt=\"\" width=\"2000\" height=\"1000\"  \/><\/p>\n<p id=\"caption-attachment-1235530\" class=\"wp-caption-text\">foto: Fotopersburo Cor Vos<\/p>\n<p>Bredewold pakt brons na tijdscorrectie<br \/>Achter de nieuwe Europees kampioene geraakten Aalerud, Ottestad en Bredewold in een felle strijd met elkaar verwikkeld om het zilver en brons.\u00a0Dan weer leek het Bredewold te zijn die op weg was naar het zilver, dan weer Aalerud en tot slot was het Ottestad die daadwerkelijk het zilver greep na een goede slotklim.<\/p>\n<p>En Bredewold dan? Zij finishte als laatste van de drie podiumkandidaten achter Reusser. Langzaam maar zeker zag zij de klok in haar nadeel wegtikken. Uiteindelijk kwam de Amersfoortse twee seconden tekort voor het zilver en vierhonderdsten van een seconde voor het brons. Althans\u2026 Zo leek het. Uiteindelijk zagen we Bredewold toch nog op het podium terug om het brons in ontvangst te nemen na een tijdcorrectie.<\/p>\n<p>                        <img decoding=\"async\" src=\"https:\/\/cyclingflash.com\/svg\/shirts\/stage.svg\" class=\"w-5\" alt=\"Shirt for ODRC\" aria-label=\"Shirt for ODRC\"\/><br \/>\n                        EENDAG                    <\/p>\n","protected":false},"excerpt":{"rendered":"woensdag 1 oktober 2025 om 15:24 Marlen Reusser is woensdag in de Dr\u00f4me Europees kampioen tijdrijden geworden. Krap&hellip;\n","protected":false},"author":2,"featured_media":10631,"comment_status":"","ping_status":"","sticky":false,"template":"","format":"standard","meta":{"footnotes":""},"categories":[21],"tags":[3227,48,3835,3836,3837,3838,46,47,49,45,50,92,91],"class_list":{"0":"post-10630","1":"post","2":"type-post","3":"status-publish","4":"format-standard","5":"has-post-thumbnail","7":"category-sport","8":"tag-ardeche-drome-2025","9":"tag-dutch","10":"tag-marlen-reusser","11":"tag-mie-bjorndal-ottestad","12":"tag-mischa-bredewold","13":"tag-movistar","14":"tag-nederland","15":"tag-nederlanden","16":"tag-nederlands","17":"tag-netherlands","18":"tag-nl","19":"tag-sport","20":"tag-sports"},"share_on_mastodon":{"url":"","error":""},"_links":{"self":[{"href":"https:\/\/www.europesays.com\/nl\/wp-json\/wp\/v2\/posts\/10630","targetHints":{"allow":["GET"]}}],"collection":[{"href":"https:\/\/www.europesays.com\/nl\/wp-json\/wp\/v2\/posts"}],"about":[{"href":"https:\/\/www.europesays.com\/nl\/wp-json\/wp\/v2\/types\/post"}],"author":[{"embeddable":true,"href":"https:\/\/www.europesays.com\/nl\/wp-json\/wp\/v2\/users\/2"}],"replies":[{"embeddable":true,"href":"https:\/\/www.europesays.com\/nl\/wp-json\/wp\/v2\/comments?post=10630"}],"version-history":[{"count":0,"href":"https:\/\/www.europesays.com\/nl\/wp-json\/wp\/v2\/posts\/10630\/revisions"}],"wp:featuredmedia":[{"embeddable":true,"href":"https:\/\/www.europesays.com\/nl\/wp-json\/wp\/v2\/media\/10631"}],"wp:attachment":[{"href":"https:\/\/www.europesays.com\/nl\/wp-json\/wp\/v2\/media?parent=10630"}],"wp:term":[{"taxonomy":"category","embeddable":true,"href":"https:\/\/www.europesays.com\/nl\/wp-json\/wp\/v2\/categories?post=10630"},{"taxonomy":"post_tag","embeddable":true,"href":"https:\/\/www.europesays.com\/nl\/wp-json\/wp\/v2\/tags?post=10630"}],"curies":[{"name":"wp","href":"https:\/\/api.w.org\/{rel}","templated":true}]}}