{"id":106302,"date":"2026-01-08T16:18:15","date_gmt":"2026-01-08T16:18:15","guid":{"rendered":"https:\/\/www.europesays.com\/nl\/106302\/"},"modified":"2026-01-08T16:18:15","modified_gmt":"2026-01-08T16:18:15","slug":"zes-bommeldingen-in-groningen-en-drenthe-update","status":"publish","type":"post","link":"https:\/\/www.europesays.com\/nl\/106302\/","title":{"rendered":"Zes bommeldingen in Groningen en Drenthe (update)"},"content":{"rendered":"<p>Behalve bij De Achtbaan kwamen er nog twee bommeldingen binnen bij scholen in Hoogezand.\u00a0<\/p>\n<p>COA-opvang<br \/>Verder was er een bommelding bij een school in Stad, \u00e9\u00e9n bij een opvang voor statushouders van het COA in Eelde en \u00e9\u00e9n bij een school in Emmen. De namen van de overige scholen maakt de politie niet bekend. Volgens een woordvoerder van het COA is er bij hen ook niet ontruimd, omdat de politie vrijwel direct meldde dat het vals alarm zou zijn.<\/p>\n<p>Anoniem telefoontje<br \/>Volgens de politie kreeg OBS De Achtbaan in Hoogezand even na 9.00 uur een anoniem telefoontje waarin gezegd werd dat er een bom in het pand zou liggen. Al snel bleek dat het om een valse bommelding ging, laat een woordvoerder van de politie weten. &#8216;De school in Hoogezand is ontruimd en het pand is doorzocht. Er is niets aangetroffen, de kinderen zijn inmiddels weer in de klas.&#8217;<\/p>\n","protected":false},"excerpt":{"rendered":"Behalve bij De Achtbaan kwamen er nog twee bommeldingen binnen bij scholen in Hoogezand.\u00a0 COA-opvangVerder was er een&hellip;\n","protected":false},"author":2,"featured_media":106303,"comment_status":"","ping_status":"","sticky":false,"template":"","format":"standard","meta":{"footnotes":""},"categories":[12],"tags":[39,40,48,43,44,34,35,41,42,46,47,49,45,32,33,50,12197,36,37,38],"class_list":{"0":"post-106302","1":"post","2":"type-post","3":"status-publish","4":"format-standard","5":"has-post-thumbnail","7":"category-nederland","8":"tag-breaking-news","9":"tag-breakingnews","10":"tag-dutch","11":"tag-featured-news","12":"tag-featurednews","13":"tag-headlines","14":"tag-hoofdpunten","15":"tag-latest-news","16":"tag-latestnews","17":"tag-nederland","18":"tag-nederlanden","19":"tag-nederlands","20":"tag-netherlands","21":"tag-news","22":"tag-nieuws","23":"tag-nl","24":"tag-positie2","25":"tag-top-stories","26":"tag-topstories","27":"tag-voorpaginanieuws"},"share_on_mastodon":{"url":"https:\/\/pubeurope.com\/@nl\/115860386847199335","error":""},"_links":{"self":[{"href":"https:\/\/www.europesays.com\/nl\/wp-json\/wp\/v2\/posts\/106302","targetHints":{"allow":["GET"]}}],"collection":[{"href":"https:\/\/www.europesays.com\/nl\/wp-json\/wp\/v2\/posts"}],"about":[{"href":"https:\/\/www.europesays.com\/nl\/wp-json\/wp\/v2\/types\/post"}],"author":[{"embeddable":true,"href":"https:\/\/www.europesays.com\/nl\/wp-json\/wp\/v2\/users\/2"}],"replies":[{"embeddable":true,"href":"https:\/\/www.europesays.com\/nl\/wp-json\/wp\/v2\/comments?post=106302"}],"version-history":[{"count":0,"href":"https:\/\/www.europesays.com\/nl\/wp-json\/wp\/v2\/posts\/106302\/revisions"}],"wp:featuredmedia":[{"embeddable":true,"href":"https:\/\/www.europesays.com\/nl\/wp-json\/wp\/v2\/media\/106303"}],"wp:attachment":[{"href":"https:\/\/www.europesays.com\/nl\/wp-json\/wp\/v2\/media?parent=106302"}],"wp:term":[{"taxonomy":"category","embeddable":true,"href":"https:\/\/www.europesays.com\/nl\/wp-json\/wp\/v2\/categories?post=106302"},{"taxonomy":"post_tag","embeddable":true,"href":"https:\/\/www.europesays.com\/nl\/wp-json\/wp\/v2\/tags?post=106302"}],"curies":[{"name":"wp","href":"https:\/\/api.w.org\/{rel}","templated":true}]}}