{"id":106350,"date":"2026-01-08T17:08:24","date_gmt":"2026-01-08T17:08:24","guid":{"rendered":"https:\/\/www.europesays.com\/nl\/106350\/"},"modified":"2026-01-08T17:08:24","modified_gmt":"2026-01-08T17:08:24","slug":"linda-de-mol-kritisch-op-relatie-dochter-noa-vahle-daarom-zeg-ik-het-juist-rtl-nl","status":"publish","type":"post","link":"https:\/\/www.europesays.com\/nl\/106350\/","title":{"rendered":"Linda de Mol kritisch op relatie dochter Noa Vahle: &#039;Daarom zeg ik het juist&#039; &#8211; RTL.nl"},"content":{"rendered":"<ol>\n<li><a href=\"https:\/\/news.google.com\/rss\/articles\/CBMitwFBVV95cUxPV0FvclFjbFkyY245aGFndGdIV1hQV0hKZi1LVmdGbDEwUzk2T0VBNHo2cVdSNTY3eUxBU19yNXZDLUhLT2dlaUNsaTFDX3NMaF9tMFNXUno3QlFWemFrek83S3BPQldsRFZWRzNXWEtHV2xUYkZkSjd5aE9Fc3FTMmNqUElwUnBOaURER01qdmMxajBGSVJQX3g5V0ZfcUt6TDRQZ2NmbUVqMS1mVDBRbG1CeWh0cU0?oc=5\" target=\"_blank\" rel=\"nofollow noopener\">Linda de Mol kritisch op relatie dochter Noa Vahle: &#8216;Daarom zeg ik het juist&#8217;<\/a>&nbsp;&nbsp;RTL.nl<\/li>\n<li><a href=\"https:\/\/news.google.com\/rss\/articles\/CBMi0gFBVV95cUxPT3Zjc1A3ZFJvaVVHSF9MWE1kck9uS2hYM2VaRVR5TlY3ODRLdjVHQmlocUtRU3lOTThPNlVDYmxxVXkyM015eWpqUkx4SlFseGRCakhHWkxMbENuQUpNT2N6YndtQWR2azdpQ1Z0ekhJWEVSR09YNU9sX0FQMmx2OTh1LW4xdEppWFRkVmkycVk5dGowa21PM2MtSmZqdHp5RjE3WHMyZ2poV0U5U1BiUW1kQUdGajVsWmFZR21fYnlQUWhramZzQk96bV80MEo3UXc?oc=5\" target=\"_blank\" rel=\"nofollow noopener\">Noa Vahle, Merel Ek en H\u00e9l\u00e8ne Hendriks over hun hechte vriendschap: \u2018Dit hoorden ze als een van de eersten\u2019<\/a>&nbsp;&nbsp;AD.nl<\/li>\n<li><a href=\"https:\/\/news.google.com\/rss\/articles\/CBMiuAFBVV95cUxNOVlmUG1nSHB1VUpMX2k5bjk1QXRPUHhFekg3dzBNeDhXVk1PNVlCd3M0UmZoZ1JaQVRNWmp1MERxdk9VRWVhVDFyVS1HRjhFaWxPVi1aejhxXzdhTXpiRXM1SkhsWlZCd25BWWRtZF9RR0FXQ0NHR0o0SjZtVGhmWjl0RFJzOWgwbl9sRUpoeDIxck5FaG1qYU1DMExTX0ZxX2xFR2VwMnAxdWw1OFl3QlctR2xkNWtl?oc=5\" target=\"_blank\" rel=\"nofollow noopener\">Noa Vahle spart op werkgebied meer met H\u00e9l\u00e8ne Hendriks dan met moeder Linda de Mol: &#8216;Het is gewoon een ander soort begeleiding&#8217;<\/a>&nbsp;&nbsp;RTL.nl<\/li>\n<li><a href=\"https:\/\/news.google.com\/rss\/articles\/CBMihgFBVV95cUxOdDB4b3daWUNwRW1Uczh1MU5MRkZNUmFUaVJwb3Q0d3cyMkRyelZjdmZiSDRpMF9fQXdwQlV3Sm9yQXRTeDU5Z21lZl9kMXBpUkc5ZXBQS2pWY3NqV1RBRWdXcy05djNsN2lrRzlWUENFYjA4N0lmSTdVZkdvZm5wcWNaaVFEQQ?oc=5\" target=\"_blank\" rel=\"nofollow noopener\">Z\u00f3 hecht zijn H\u00e9l\u00e8ne, Merel en Noa: &#8216;Dat ik zwanger was, hoorden zij als eersten&#8217;<\/a>&nbsp;&nbsp;beaumonde.nl<\/li>\n<li><a href=\"https:\/\/news.google.com\/rss\/articles\/CBMiyAFBVV95cUxOVXJoc0EwMHp0d2JxQkZHemhURGhKU0dja3JDRG9RTlJQS3liYWVyM0V6WW1UT2NVaUpnM3dVSzFNbE10Y0g2Z2FDUmk0VTgza0ZGOHhKTW9SUHNaQ3JsUTNRNUZYcXVTS0ZWMmZJekdEWkNLN3hzNTJkbmVGakhWSlQtZXBJUFgxcGc1Y0dsUTVsaHVVMGktMEpGOFFPc3BHdjVQUzk0SVpXZkh1MG9Od29RcHJzV1NuVnVNZUdJeDFYRHhhVjZ6Xw?oc=5\" target=\"_blank\" rel=\"nofollow noopener\">De dames van VI: &#8216;Ambitie is in Nederland een beetje een vies woord, maar het is juist iets moois&#8217;<\/a>&nbsp;&nbsp;elegance.nl<\/li>\n<\/ol>\n","protected":false},"excerpt":{"rendered":"Linda de Mol kritisch op relatie dochter Noa Vahle: &#8216;Daarom zeg ik het juist&#8217;&nbsp;&nbsp;RTL.nl Noa Vahle, Merel Ek&hellip;\n","protected":false},"author":2,"featured_media":106351,"comment_status":"","ping_status":"","sticky":false,"template":"","format":"standard","meta":{"footnotes":""},"categories":[25],"tags":[99,48,98,404,46,47,49,45,50,405],"class_list":{"0":"post-106350","1":"post","2":"type-post","3":"status-publish","4":"format-standard","5":"has-post-thumbnail","7":"category-amusement","8":"tag-amusement","9":"tag-dutch","10":"tag-entertainment","11":"tag-linda-de-mol","12":"tag-nederland","13":"tag-nederlanden","14":"tag-nederlands","15":"tag-netherlands","16":"tag-nl","17":"tag-noa-vahle"},"share_on_mastodon":{"url":"https:\/\/pubeurope.com\/@nl\/115860583391850010","error":""},"_links":{"self":[{"href":"https:\/\/www.europesays.com\/nl\/wp-json\/wp\/v2\/posts\/106350","targetHints":{"allow":["GET"]}}],"collection":[{"href":"https:\/\/www.europesays.com\/nl\/wp-json\/wp\/v2\/posts"}],"about":[{"href":"https:\/\/www.europesays.com\/nl\/wp-json\/wp\/v2\/types\/post"}],"author":[{"embeddable":true,"href":"https:\/\/www.europesays.com\/nl\/wp-json\/wp\/v2\/users\/2"}],"replies":[{"embeddable":true,"href":"https:\/\/www.europesays.com\/nl\/wp-json\/wp\/v2\/comments?post=106350"}],"version-history":[{"count":0,"href":"https:\/\/www.europesays.com\/nl\/wp-json\/wp\/v2\/posts\/106350\/revisions"}],"wp:featuredmedia":[{"embeddable":true,"href":"https:\/\/www.europesays.com\/nl\/wp-json\/wp\/v2\/media\/106351"}],"wp:attachment":[{"href":"https:\/\/www.europesays.com\/nl\/wp-json\/wp\/v2\/media?parent=106350"}],"wp:term":[{"taxonomy":"category","embeddable":true,"href":"https:\/\/www.europesays.com\/nl\/wp-json\/wp\/v2\/categories?post=106350"},{"taxonomy":"post_tag","embeddable":true,"href":"https:\/\/www.europesays.com\/nl\/wp-json\/wp\/v2\/tags?post=106350"}],"curies":[{"name":"wp","href":"https:\/\/api.w.org\/{rel}","templated":true}]}}