{"id":106358,"date":"2026-01-08T17:16:08","date_gmt":"2026-01-08T17:16:08","guid":{"rendered":"https:\/\/www.europesays.com\/nl\/106358\/"},"modified":"2026-01-08T17:16:08","modified_gmt":"2026-01-08T17:16:08","slug":"waarom-staat-helene-hendriks-niet-op-voor-jack-van-gelder-vals","status":"publish","type":"post","link":"https:\/\/www.europesays.com\/nl\/106358\/","title":{"rendered":"Waarom staat H\u00e9l\u00e8ne Hendriks niet op voor Jack van Gelder? &#8216;Vals&#8217;"},"content":{"rendered":"<p>H\u00e9l\u00e8ne Hendriks heeft met Jack van Gelder als haar eigen Johan Derksen van dienst een groot succes gemaakt van haar talkshow, maar nu laat ze hem keihard vallen. Waarom is dat precies? <\/p>\n<p>        Door onze entertainmentredactie<\/p>\n<p>        <img fetchpriority=\"high\" decoding=\"async\" width=\"1280\" height=\"720\" src=\"https:\/\/www.europesays.com\/nl\/wp-content\/uploads\/2026\/01\/0108-Helene-Jack.jpg\" class=\"attachment-post-thumbnail size-post-thumbnail wp-post-image\" alt=\"H\u00e9l\u00e8ne Hendriks en Jack van Gelder\"  \/>        \u00a9 SBS    <\/p>\n<p>Er is veel sympathie voor H\u00e9l\u00e8ne Hendriks, maar de manier waarop ze Jack van Gelder nu behandelt, valt niet goed bij de mensen. Ze heeft mede met Jack aan tafel een succes weten te maken van haar talkshow op SBS 6, maar nu ze kennelijk geen zin meer in hem heeft, verschuilt ze zich achter allerlei excuusjes. Waarom doet ze zo raar?<\/p>\n<p>Jack niet welkom<\/p>\n<p>Jack is niet van de partij in de huidige serie van De Oranjewinter. Eerst riep H\u00e9l\u00e8ne dat hij <a href=\"https:\/\/www.mediacourant.nl\/2025\/12\/waar-is-jack-van-gelder-gebleven-bij-talkshow-helene-hendriks\/\" rel=\"nofollow noopener\" target=\"_blank\">op vakantie is<\/a>, maar dat bleek een keiharde leugen. De opiniemaker geeft namelijk aan graag aan te schuiven, maar dat hij van Talpa-baas Frans Klein heeft gehoord dat hij tijdens de huidige serie <a href=\"https:\/\/www.mediacourant.nl\/2026\/01\/jack-van-gelder-niet-meer-welkom-in-oranjewinter-andere-basis\/\" rel=\"nofollow noopener\" target=\"_blank\">niet welkom is aan tafel<\/a>.<\/p>\n<p>De Talpa-bobo heeft Jack een berichtje gestuurd met daarin de verklaring: \u201cHet team heeft mij laten weten vooralsnog met een andere basis te beginnen, zonder jou dus.\u201d<\/p>\n<p>Rad voor de ogen<\/p>\n<p>GeenStijl-journalist Bas Paternotte begrijpt de leugen van H\u00e9l\u00e8ne niet. \u201cEigenlijk heeft H\u00e9l\u00e8ne Hendriks het Nederlandse volk een rad voor de ogen gedraaid\u201d, zegt hij in de podcast <a href=\"https:\/\/petjeaf.com\/narejongens\" rel=\"nofollow noopener\" target=\"_blank\">Nare Jongens<\/a>.<\/p>\n<p>Daarop zegt columnist Jan Dijkgraaf: \u201cJa, en het is heel laf om Frans Klein dat te laten doen. Maar hij zegt ook niet: \u2018John en ik willen jou niet\u2019, of: \u2018Ik wil jou niet vanwege je rechtse praatjes.\u2019 Nee, het argument is: \u2018De redactie heeft voor een andere invulling gekozen.\u2019 Maar goed, het gezicht van die redactie is natuurlijk H\u00e9l\u00e8ne Hendriks.\u201d<\/p>\n<p>Afschuifcircus<\/p>\n<p>Het is \u00e9\u00e9n groot \u2018afschuifcircus\u2019, aldus Jan, ook bekend als de biograaf van de Meilandjes. Daarop Bas weer: \u201cIedereen wijst naar elkaar. Ik heb zoiets van: kom op, jongens, jullie zijn toch geen kleine kinderen? Waarom gaan jullie zo met Jack om?\u201d<\/p>\n<p>Jan vindt dat H\u00e9l\u00e8ne dit niet correct doet. \u201cGa niet Rutger Castricum weer terugbrengen, het hinnikende paard, en dan Jack een schop in zijn lende geven zonder eerlijk te zeggen waarom hij eruit geflikkerd wordt. En dan zo\u2019n halve belofte van: \u2018Misschien komt hij in De Oranjezondag- of -zomer weer terug\u2026\u2019\u201d<\/p>\n<p>Pensionering<\/p>\n<p>Ze zijn Jack er gewoon uit aan het werken, aldus Bas. \u201cDit zou wel eens de prelude van zijn pensionering kunnen betekenen.\u201d<\/p>\n<p>Jan: \u201cDit is gewoon einde Jack op tv, makkelijk zat.\u201d<\/p>\n<p>Bas: \u201cDat het dan op zo\u2019n manier moet. En dan die H\u00e9l\u00e8ne Hendriks\u2026\u201d<\/p>\n<p>Jan: \u201cJack van Gelder wordt er keihard uitgenaaid en Frans Klein mag de beul spelen.\u201d<\/p>\n<p>\u2018Niet zuiver\u2019<\/p>\n<p>Uiteindelijk komt dit gewoon van H\u00e9l\u00e8ne af, aldus Jan. \u201cIk ben groot fan van H\u00e9l\u00e8ne Hendriks, maar ik heb toch het idee dat ze dit niet helemaal zuiver speelt met van die halve beloftes over de toekomst.\u201d<\/p>\n<p>Bas: \u201cZe kunnen toch gewoon eerlijk zijn? Ze kunnen toch zeggen: \u2018Jack, we zien het niet zitten, we stoppen ermee.\u2019 Jack is dan professioneel genoeg om te zeggen: \u2018Ok\u00e9.\u2019 Het straalt op iedereen slecht af, behalve op Jack zelf.\u201d<\/p>\n<p>H\u00e9l\u00e8ne heeft gisteren in De Oranjewinter niet gereageerd op het naaien van Jack. <\/p>\n","protected":false},"excerpt":{"rendered":"H\u00e9l\u00e8ne Hendriks heeft met Jack van Gelder als haar eigen Johan Derksen van dienst een groot succes gemaakt&hellip;\n","protected":false},"author":2,"featured_media":106359,"comment_status":"","ping_status":"","sticky":false,"template":"","format":"standard","meta":{"footnotes":""},"categories":[31],"tags":[99,147,48,98,581,378,46,47,49,45,50],"class_list":{"0":"post-106358","1":"post","2":"type-post","3":"status-publish","4":"format-standard","5":"has-post-thumbnail","7":"category-celebrities","8":"tag-amusement","9":"tag-celebrities","10":"tag-dutch","11":"tag-entertainment","12":"tag-helene-hendriks","13":"tag-jack-van-gelder","14":"tag-nederland","15":"tag-nederlanden","16":"tag-nederlands","17":"tag-netherlands","18":"tag-nl"},"share_on_mastodon":{"url":"https:\/\/pubeurope.com\/@nl\/115860614817171149","error":""},"_links":{"self":[{"href":"https:\/\/www.europesays.com\/nl\/wp-json\/wp\/v2\/posts\/106358","targetHints":{"allow":["GET"]}}],"collection":[{"href":"https:\/\/www.europesays.com\/nl\/wp-json\/wp\/v2\/posts"}],"about":[{"href":"https:\/\/www.europesays.com\/nl\/wp-json\/wp\/v2\/types\/post"}],"author":[{"embeddable":true,"href":"https:\/\/www.europesays.com\/nl\/wp-json\/wp\/v2\/users\/2"}],"replies":[{"embeddable":true,"href":"https:\/\/www.europesays.com\/nl\/wp-json\/wp\/v2\/comments?post=106358"}],"version-history":[{"count":0,"href":"https:\/\/www.europesays.com\/nl\/wp-json\/wp\/v2\/posts\/106358\/revisions"}],"wp:featuredmedia":[{"embeddable":true,"href":"https:\/\/www.europesays.com\/nl\/wp-json\/wp\/v2\/media\/106359"}],"wp:attachment":[{"href":"https:\/\/www.europesays.com\/nl\/wp-json\/wp\/v2\/media?parent=106358"}],"wp:term":[{"taxonomy":"category","embeddable":true,"href":"https:\/\/www.europesays.com\/nl\/wp-json\/wp\/v2\/categories?post=106358"},{"taxonomy":"post_tag","embeddable":true,"href":"https:\/\/www.europesays.com\/nl\/wp-json\/wp\/v2\/tags?post=106358"}],"curies":[{"name":"wp","href":"https:\/\/api.w.org\/{rel}","templated":true}]}}