{"id":106408,"date":"2026-01-08T18:15:08","date_gmt":"2026-01-08T18:15:08","guid":{"rendered":"https:\/\/www.europesays.com\/nl\/106408\/"},"modified":"2026-01-08T18:15:08","modified_gmt":"2026-01-08T18:15:08","slug":"bondgenoten-deelnemers-roddelen-er-op-los-pure-grafbek","status":"publish","type":"post","link":"https:\/\/www.europesays.com\/nl\/106408\/","title":{"rendered":"Bondgenoten-deelnemers roddelen er op los: &#8220;Pure grafbek&#8221;"},"content":{"rendered":"<p class=\"mui-173mato e10ntc2u0\">De liefdevolle sfeer is soms ver te zoeken in de loods van De Bondgenoten. Aan de eettafel roddelen Th\u00e9r\u00e8se en Roxy flink over medebewoner Jesse. De dames nemen geen blad voor de mond en dat loopt behoorlijk grof uit.<\/p>\n<p class=\"mui-173mato e10ntc2u0\">De twee meiden zitten naast elkaar wanneer het roddeluur wordt gestart. &#8220;Er zit ook geen initiatief in&#8221;, begint Th\u00e9r\u00e8se. Al snel haakt Roxy daarop in: &#8220;Er zit \u00fcberhaupt geen leven in, schat. Geen positiviteit, geen zinnig antwoord. Ja sorry dat ik het zo zeg, maar het is gewoon wat het is. Hij zit echt in mijn irritatiezone.&#8221; Th\u00e9r\u00e8se begint te lachen als ze hoort hoe Roxy daadwerkelijk over Jesse denkt.<\/p>\n<p>Theekransje<\/p>\n<p class=\"mui-173mato e10ntc2u0\">Het theekransje verplaatst zich na het avondeten naar de bank. &#8220;Het is weer een pure grafbek&#8221;, begint Th\u00e9r\u00e8se opnieuw tegen Roxy zodra Jesse aan de eettafel zit. &#8220;Ik ben nu al klaar voor vandaag. Ik ga hem gewoon ontwijken. Ik kan niet meer. Ik voel me alsof ik in een soort koortsdroom zit&#8221;, gaat ze verder. De twee giechelen nog even door. Th\u00e9r\u00e8se spreekt uit dat ze blij is dat ze &#8220;eindelijk iemand heeft gevonden die helemaal op hetzelfde level zit&#8221;.<\/p>\n<p>Zure lucht<\/p>\n<p class=\"mui-173mato e10ntc2u0\">Dan hebben de dames ook nog wat aan te merken op Jesse zijn hygi\u00ebne. &#8220;Hoe vaak wast hij dat vest? Ik word er helemaal misselijk van&#8221;, fluistert Roxy. &#8220;Schat, dat weet ik niet. Ik word er ook zo muf van. Je weet wel, zo\u2019n lucht die er niet meer uit gaat, zo\u2019n zure.&#8221; De twee trekken vervolgens een paar vieze gezichten en kijken dan zijn kant op.<\/p>\n<p>Miscommunicatie<\/p>\n<p class=\"mui-173mato e10ntc2u0\">Eerder deze week ontplofte de bom tussen <a rel=\"noopener noreferrer nofollow\" target=\"_blank\" class=\"mui-1i4zqbr e1bmvyuj0\" href=\"https:\/\/www.shownieuws.nl\/tv\/reality\/artikelen\/ponykampgedrag-van-mercedes-en-therese-in-de-bondgenoten\">Th\u00e9r\u00e8se<\/a> en Angelo, zoals te zien is in de video hieronder. Die twee bondgenoten botsen constant en deze week ging het onder andere mis om de krant. Th\u00e9r\u00e8se pakte de krant om haar horoscoop te lezen. Even later kwam Angelo aangelopen om te vragen of hij de krant terug mocht, omdat hij die als eerste aan het lezen was. Ge\u00efrriteerd geeft Th\u00e9r\u00e8se de krant terug. Zodra Angelo vraagt of er iets is, slaat de sfeer om.<\/p>\n<p class=\"mui-173mato e10ntc2u0\">De miscommunicatie over de krant zorgt voor een behoorlijke ruzie tussen de twee medebondgenoten. &#8220;Jij bent niet helemaal lekker. Zij is echt niet goed bij d\u2019r kop&#8221;, zegt Angelo lachend terwijl hij zijn hoofd schudt. &#8220;Dit is toch belachelijk. Gaat hij helemaal zo in zichzelf praten alsof dat normaal is&#8221;, zegt Th\u00e9r\u00e8se vervolgens tegen Chess.<\/p>\n<p><img alt=\"Angelo en Th\u00e9r\u00e8se maken ruzie om de krant\" loading=\"lazy\" decoding=\"async\" data-nimg=\"fill\" class=\"mui-nacstu e1qtpq9e5\" style=\"position:absolute;height:100%;width:100%;left:0;top:0;right:0;bottom:0;color:transparent\"   src=\"https:\/\/www.europesays.com\/nl\/wp-content\/uploads\/2026\/01\/therese-en-angelo-hebben-ruzie-je-blijft-maar-liegen.jpg\"\/><\/p>\n<p>1:07<\/p>\n<p>Angelo en Th\u00e9r\u00e8se maken ruzie om de krant<\/p>\n","protected":false},"excerpt":{"rendered":"De liefdevolle sfeer is soms ver te zoeken in de loods van De Bondgenoten. Aan de eettafel roddelen&hellip;\n","protected":false},"author":2,"featured_media":106409,"comment_status":"","ping_status":"","sticky":false,"template":"","format":"standard","meta":{"footnotes":""},"categories":[28],"tags":[99,48,98,46,47,49,45,50,124],"class_list":{"0":"post-106408","1":"post","2":"type-post","3":"status-publish","4":"format-standard","5":"has-post-thumbnail","7":"category-tv","8":"tag-amusement","9":"tag-dutch","10":"tag-entertainment","11":"tag-nederland","12":"tag-nederlanden","13":"tag-nederlands","14":"tag-netherlands","15":"tag-nl","16":"tag-tv"},"share_on_mastodon":{"url":"https:\/\/pubeurope.com\/@nl\/115860846966067933","error":""},"_links":{"self":[{"href":"https:\/\/www.europesays.com\/nl\/wp-json\/wp\/v2\/posts\/106408","targetHints":{"allow":["GET"]}}],"collection":[{"href":"https:\/\/www.europesays.com\/nl\/wp-json\/wp\/v2\/posts"}],"about":[{"href":"https:\/\/www.europesays.com\/nl\/wp-json\/wp\/v2\/types\/post"}],"author":[{"embeddable":true,"href":"https:\/\/www.europesays.com\/nl\/wp-json\/wp\/v2\/users\/2"}],"replies":[{"embeddable":true,"href":"https:\/\/www.europesays.com\/nl\/wp-json\/wp\/v2\/comments?post=106408"}],"version-history":[{"count":0,"href":"https:\/\/www.europesays.com\/nl\/wp-json\/wp\/v2\/posts\/106408\/revisions"}],"wp:featuredmedia":[{"embeddable":true,"href":"https:\/\/www.europesays.com\/nl\/wp-json\/wp\/v2\/media\/106409"}],"wp:attachment":[{"href":"https:\/\/www.europesays.com\/nl\/wp-json\/wp\/v2\/media?parent=106408"}],"wp:term":[{"taxonomy":"category","embeddable":true,"href":"https:\/\/www.europesays.com\/nl\/wp-json\/wp\/v2\/categories?post=106408"},{"taxonomy":"post_tag","embeddable":true,"href":"https:\/\/www.europesays.com\/nl\/wp-json\/wp\/v2\/tags?post=106408"}],"curies":[{"name":"wp","href":"https:\/\/api.w.org\/{rel}","templated":true}]}}