{"id":106450,"date":"2026-01-08T18:53:23","date_gmt":"2026-01-08T18:53:23","guid":{"rendered":"https:\/\/www.europesays.com\/nl\/106450\/"},"modified":"2026-01-08T18:53:23","modified_gmt":"2026-01-08T18:53:23","slug":"trump-zegt-dat-vs-nog-jarenlang-de-dienst-zullen-uitmaken-in-venezuela","status":"publish","type":"post","link":"https:\/\/www.europesays.com\/nl\/106450\/","title":{"rendered":"Trump zegt dat VS nog jarenlang de dienst zullen uitmaken in Venezuela"},"content":{"rendered":"<p>In een langdurig <a data-id=\"https:\/\/www.nytimes.com\/2026\/01\/08\/us\/politics\/trump-interview-venezuela.html\" data-type=\"link\" href=\"https:\/\/www.nytimes.com\/2026\/01\/08\/us\/politics\/trump-interview-venezuela.html\" rel=\"nofollow noopener\" target=\"_blank\">interview met The New York Times<\/a> heeft de Amerikaanse president Donald Trump donderdag uitgebreid opgeschept over de ontvoering van de Venezolaanse ex-president Nicol\u00e1s Maduro, maar beantwoorde hij nauwelijks inhoudelijke vragen over hoe hij dat land denkt te gaan navigeren.<\/p>\n<p>Trump zei dat de VS nog jarenlang de dienst zullen uitmaken in Venezuela om grote voorraden aan ruwe olie op te pompen, en dat de regering van waarnemend president Delcy Rodr\u00edguez \u201ealles doet wat wij nodig vinden\u201d. Tijdens het interview werd hij gebeld door de Colombiaanse president Gustavo Petro, een gesprek dat de journalisten mochten bijwonen (op voorwaarde dat ze niets citeerden). Na het belletje met Petro suggereerde Trump dat de ontvoering van Maduro ertoe heeft geleid dat andere leiders in Zuid- en Midden-Amerika naar zijn pijpen dansen.<\/p>\n<p>Hij plaatste de operatie-Maduro in contrast met de mislukte reddingsoperatie van 52 Amerikanen tijdens de regering van Jimmy Carter in 1980. Trump was nog best bezorgd geweest over dat scenario, \u201edat hem zijn hele regeerperiode zou hebben achtervolgd\u201d. Ook trok hij een parallel met de chaotische terugtrekking van de Amerikanen uit Afghanistan onder Joe Biden, \u201ewaarbij de simpelste manoeuvres mislukten\u201d.<\/p>\n<p>Andere, lastigere vragen ging Trump uit de weg. Waarom steunen de VS in plaats van Rodr\u00edguez niet de populaire oppositieleider en Nobelprijswinnaar Mar\u00eda Corina Machado? Of Edmundo Gonz\u00e1lez, door internationale waarnemers aangewezen als de daadwerkelijke winnaar van de Venezolaanse verkiezingen in 2024? En wat zou er moeten gebeuren om Trump militairen in Venezuela te laten stationeren? \u201eDat zou ik je niet willen vertellen\u201d, zei Trump.<\/p>\n<p><a class=\"dmt-article-suggestion\" href=\"https:\/\/www.nrc.nl\/nieuws\/2026\/01\/05\/is-er-nog-een-rol-voor-de-oppositie-in-trumps-toekomstplan-voor-venezuela-a4916889\" rel=\"nofollow noopener\" target=\"_blank\"><\/p>\n<p>\n\t\t\t\tLees ook\n\t\t\t<\/p>\n<p>Is er nog een rol voor de oppositie in Trumps toekomstplan voor Venezuela?<\/p>\n<p><img decoding=\"async\" alt=\"Betogers houden borden omhoog ter ondersteuning van de Venezolaanse oppositieleider Edmundo Gonzalez Urrutia en tegen  waarnemend president Delcy Rodr\u00edguez, tijdens een demonstratie zondag in Madrid. \" class=\"dmt-article-suggestion__image\" src=\"https:\/\/www.europesays.com\/nl\/wp-content\/uploads\/2026\/01\/1767701656_726_050126BUI_2028927651_VenezuelaOppositie03.jpg\"\/><br \/>\n<\/a><br \/>\n<a class=\"dmt-article-suggestion\" href=\"https:\/\/www.nrc.nl\/nieuws\/2026\/01\/03\/aanval-vs-op-venezuela-a4916709\" rel=\"nofollow noopener\" target=\"_blank\"><\/p>\n<p>\nLiveblog<\/p>\n<p>                                Trump zegt dat VS nog jarenlang de dienst zullen uitmaken in Venezuela<\/p>\n<p><\/a><\/p>\n<p>Geef cadeau<\/p>\n<p>Deel<\/p>\n<p>Mail de redactie<\/p>\n<p><a aria-label=\"The Trust Project, lees meer over de journalistieke principes van NRC\" class=\"trust__message\" href=\"http:\/\/www.nrc.nl\/over-ons\/#principes\" rel=\"nofollow noopener\" target=\"_blank\"><\/p>\n<p>\tDe journalistieke principes van NRC<br \/>\n<\/a> <\/p>\n","protected":false},"excerpt":{"rendered":"In een langdurig interview met The New York Times heeft de Amerikaanse president Donald Trump donderdag uitgebreid opgeschept&hellip;\n","protected":false},"author":2,"featured_media":106451,"comment_status":"","ping_status":"","sticky":false,"template":"","format":"standard","meta":{"footnotes":""},"categories":[5],"tags":[39,40,48,43,44,34,35,41,42,46,47,49,45,32,33,50,36,37,38],"class_list":{"0":"post-106450","1":"post","2":"type-post","3":"status-publish","4":"format-standard","5":"has-post-thumbnail","7":"category-hoofdpunten","8":"tag-breaking-news","9":"tag-breakingnews","10":"tag-dutch","11":"tag-featured-news","12":"tag-featurednews","13":"tag-headlines","14":"tag-hoofdpunten","15":"tag-latest-news","16":"tag-latestnews","17":"tag-nederland","18":"tag-nederlanden","19":"tag-nederlands","20":"tag-netherlands","21":"tag-news","22":"tag-nieuws","23":"tag-nl","24":"tag-top-stories","25":"tag-topstories","26":"tag-voorpaginanieuws"},"share_on_mastodon":{"url":"https:\/\/pubeurope.com\/@nl\/115860996241255872","error":""},"_links":{"self":[{"href":"https:\/\/www.europesays.com\/nl\/wp-json\/wp\/v2\/posts\/106450","targetHints":{"allow":["GET"]}}],"collection":[{"href":"https:\/\/www.europesays.com\/nl\/wp-json\/wp\/v2\/posts"}],"about":[{"href":"https:\/\/www.europesays.com\/nl\/wp-json\/wp\/v2\/types\/post"}],"author":[{"embeddable":true,"href":"https:\/\/www.europesays.com\/nl\/wp-json\/wp\/v2\/users\/2"}],"replies":[{"embeddable":true,"href":"https:\/\/www.europesays.com\/nl\/wp-json\/wp\/v2\/comments?post=106450"}],"version-history":[{"count":0,"href":"https:\/\/www.europesays.com\/nl\/wp-json\/wp\/v2\/posts\/106450\/revisions"}],"wp:featuredmedia":[{"embeddable":true,"href":"https:\/\/www.europesays.com\/nl\/wp-json\/wp\/v2\/media\/106451"}],"wp:attachment":[{"href":"https:\/\/www.europesays.com\/nl\/wp-json\/wp\/v2\/media?parent=106450"}],"wp:term":[{"taxonomy":"category","embeddable":true,"href":"https:\/\/www.europesays.com\/nl\/wp-json\/wp\/v2\/categories?post=106450"},{"taxonomy":"post_tag","embeddable":true,"href":"https:\/\/www.europesays.com\/nl\/wp-json\/wp\/v2\/tags?post=106450"}],"curies":[{"name":"wp","href":"https:\/\/api.w.org\/{rel}","templated":true}]}}