{"id":106628,"date":"2026-01-08T22:02:14","date_gmt":"2026-01-08T22:02:14","guid":{"rendered":"https:\/\/www.europesays.com\/nl\/106628\/"},"modified":"2026-01-08T22:02:14","modified_gmt":"2026-01-08T22:02:14","slug":"ze-kiezen-een-andere-basis","status":"publish","type":"post","link":"https:\/\/www.europesays.com\/nl\/106628\/","title":{"rendered":"&#8216;Ze kiezen een andere basis&#8217;"},"content":{"rendered":"\n<p>&#8220;Het team heeft mij laten weten vooralsnog met een andere basis te beginnen, zonder jou dus&#8221;<\/p>\n<p>Oplettende kijkers van Vandaag Inside merkten al dat Jack ontbrak toen H\u00e9l\u00e8ne vorige week met De Oranjewinter het programma overnam van Wilfred Genee, Ren\u00e9 van der Gijp en Johan Derksen. Tegenover Mediacourant reageert hij daarop met: &#8220;Ze kiezen een andere basis.&#8221; Volgens Jack kreeg hij hierover uitleg van Talpa-directeur Frans Klein: &#8220;Ik heb deze uitleg van Frans Klein van Talpa gekregen: &#8216;Het team heeft mij laten weten vooralsnog met een andere basis te beginnen, zonder jou dus.'&#8221;<\/p>\n<p>Talpa bevestigt tegenover het AD dat er dit seizoen wordt gewerkt met wisselende tafelgasten. &#8220;De samenstelling wordt bepaald door de redactie van het programma. Dat geldt te zijner tijd eveneens voor De Oranjezondag en De Oranjezomer&#8221;, aldus een woordvoerder.<\/p>\n<p>Aanvankelijk deden geruchten de ronde over een mogelijke ruzie tussen Jack en H\u00e9l\u00e8ne, maar die worden door beiden ontkend in gesprek met het AD. &#8220;H\u00e9l\u00e8ne en ik hebben bijna dagelijks contact. Er is tussen ons helemaal niets mis&#8221;, zegt Jack. Ook H\u00e9l\u00e8ne benadrukt dat er geen sprake is van spanning: &#8220;Het is algemeen bekend dat ik goed met Jack overweg kan en hem er graag bij heb.&#8221;<\/p>\n<p>Ook via X reageerde Jack donderdagavond op de situatie. &#8216;Ik lees de meest vreemde artikelen in de media over mijn afwezigheid bij De Oranjewinter. De redactie heeft besloten om mij deze cyclus niet uit te nodigen. Daar is niets vreemds aan&#8217;, schrijft hij. Daarbij benadrukt hij zijn positie: &#8216;Ik ben freelancer. H\u00e9l\u00e8ne valt niets te verwijten. Zij verdient alle heisa niet.&#8217;<\/p>\n<p>Ondanks zijn voorlopige afwezigheid sluit H\u00e9l\u00e8ne niet uit dat Jack in de toekomst weer aanschuift, maar voor nu wordt zijn plek aan tafel ingenomen door Rutger Castricum.<\/p>\n<p>Naast de talkshow is H\u00e9l\u00e8ne ook druk met haar nieuwe podcast. Over haar drukke werkschema maakt ze zich echter geen zorgen. Meer daarover zie je in onderstaande video.<\/p>\n","protected":false},"excerpt":{"rendered":"&#8220;Het team heeft mij laten weten vooralsnog met een andere basis te beginnen, zonder jou dus&#8221; Oplettende kijkers&hellip;\n","protected":false},"author":2,"featured_media":666,"comment_status":"","ping_status":"","sticky":false,"template":"","format":"standard","meta":{"footnotes":""},"categories":[25],"tags":[99,21357,48,98,581,378,192,46,47,49,45,50,128,285,465],"class_list":{"0":"post-106628","1":"post","2":"type-post","3":"status-publish","4":"format-standard","5":"has-post-thumbnail","7":"category-amusement","8":"tag-amusement","9":"tag-de-oranjewinter","10":"tag-dutch","11":"tag-entertainment","12":"tag-helene-hendriks","13":"tag-jack-van-gelder","14":"tag-johan-derksen","15":"tag-nederland","16":"tag-nederlanden","17":"tag-nederlands","18":"tag-netherlands","19":"tag-nl","20":"tag-rene-van-der-gijp","21":"tag-vandaag-inside","22":"tag-wilfred-genee"},"share_on_mastodon":{"url":"https:\/\/pubeurope.com\/@nl\/115861739409490386","error":""},"_links":{"self":[{"href":"https:\/\/www.europesays.com\/nl\/wp-json\/wp\/v2\/posts\/106628","targetHints":{"allow":["GET"]}}],"collection":[{"href":"https:\/\/www.europesays.com\/nl\/wp-json\/wp\/v2\/posts"}],"about":[{"href":"https:\/\/www.europesays.com\/nl\/wp-json\/wp\/v2\/types\/post"}],"author":[{"embeddable":true,"href":"https:\/\/www.europesays.com\/nl\/wp-json\/wp\/v2\/users\/2"}],"replies":[{"embeddable":true,"href":"https:\/\/www.europesays.com\/nl\/wp-json\/wp\/v2\/comments?post=106628"}],"version-history":[{"count":0,"href":"https:\/\/www.europesays.com\/nl\/wp-json\/wp\/v2\/posts\/106628\/revisions"}],"wp:featuredmedia":[{"embeddable":true,"href":"https:\/\/www.europesays.com\/nl\/wp-json\/wp\/v2\/media\/666"}],"wp:attachment":[{"href":"https:\/\/www.europesays.com\/nl\/wp-json\/wp\/v2\/media?parent=106628"}],"wp:term":[{"taxonomy":"category","embeddable":true,"href":"https:\/\/www.europesays.com\/nl\/wp-json\/wp\/v2\/categories?post=106628"},{"taxonomy":"post_tag","embeddable":true,"href":"https:\/\/www.europesays.com\/nl\/wp-json\/wp\/v2\/tags?post=106628"}],"curies":[{"name":"wp","href":"https:\/\/api.w.org\/{rel}","templated":true}]}}