{"id":106657,"date":"2026-01-08T22:24:12","date_gmt":"2026-01-08T22:24:12","guid":{"rendered":"https:\/\/www.europesays.com\/nl\/106657\/"},"modified":"2026-01-08T22:24:12","modified_gmt":"2026-01-08T22:24:12","slug":"paragnost-voorspelt-uitdagingen-in-relatie-helene-hendriks-en-frans-vinju","status":"publish","type":"post","link":"https:\/\/www.europesays.com\/nl\/106657\/","title":{"rendered":"Paragnost voorspelt uitdagingen in relatie H\u00e9l\u00e8ne Hendriks en Frans Vinju"},"content":{"rendered":"<p>Net als de afgelopen zes jaar heeft paragnost Thomas Woolthuis bij de start van een nieuw kalenderjaar in <a target=\"_blank\" href=\"https:\/\/weekbladparty.nl\/paragnost-thomas-woolthuis-voorspelt-prinses-amalia-gaat-meer-en-meer-een-vrouw-worden-met-een-eigen-gezicht-2\/\" tt-mode=\"url\" rel=\"nofollow noopener\">Party <\/a>voorspeld wat BN\u2019ers te wachten staat. In deze editie gaat het onder meer over de <a target=\"_blank\" href=\"https:\/\/www.fcupdate.nl\/voetbalnieuws\/2024\/02\/mysterie-ontrafeld-dit-is-de-22-jaar-oudere-vriend-van-helene-hendriks\" tt-mode=\"url\" rel=\"nofollow noopener\">relatie <\/a>van <a href=\"https:\/\/www.fcupdate.nl\/tags\/helene-hendriks\" rel=\"nofollow noopener\" target=\"_blank\">H\u00e9l\u00e8ne Hendriks<\/a> (45) en Frans Vinju (67). Woolthuis voorspelt dat Vinju ervan gaat balen dat Hendriks door haar nieuwe tv-programma\u2019s vaker van huis is.<\/p>\n<p>Woolthuis voorspelt in Party het jaar 2026 voor onder meer prinses Amalia, Alexia, Rob Jetten, Mart Hoogkamer \u00e9n Hendriks. Volgens de 66-jarige paragnost leunde de presentatrice van onder meer De Oranjewinter afgelopen zomer op Vinju: \u201cNa de fysieke terugval van afgelopen jaar lijkt H\u00e9l\u00e8ne Hendriks weer helemaal terug te komen\u201d, stelt Woolthuis. \u201cMaar doordat ze geproefd heeft van iets meer thuis zijn, lijkt het alsof H\u00e9l\u00e8ne dat graag wil continueren.&#8221;<\/p>\n<p>            Artikel gaat verder onder video<\/p>\n<p>Wat betekent dit voor haar priv\u00e9-werkbalans? \u201cZe heeft, weliswaar door een negatieve oorzaak, geproefd van wat meer vrijheid en die vindt H\u00e9l\u00e8ne toch wel lekker\u201d, vervolgt de paragnost. \u201cHet thuisfront lijkt ook meer aandacht van haar te willen, waardoor H\u00e9l\u00e8ne in twijfel komt. Want werken en nieuwe uitdagingen vindt ze ook leuk.&#8221;<\/p>\n<p>Als presentatrice van The Winner Takes It All \u00e9n De Oranjewinter heeft Hendriks voorlopig genoeg te doen met haar tv-carri\u00e8re. \u201cH\u00e9l\u00e8ne gaat absoluut dingen loslaten, kiest voor een nieuwe start en daar gaat ze succes in krijgen. Dat is \u00e9\u00e9n ding wat zeker is&#8221;, besluit Woolthuis. <\/p>\n","protected":false},"excerpt":{"rendered":"Net als de afgelopen zes jaar heeft paragnost Thomas Woolthuis bij de start van een nieuw kalenderjaar in&hellip;\n","protected":false},"author":2,"featured_media":95379,"comment_status":"","ping_status":"","sticky":false,"template":"","format":"standard","meta":{"footnotes":""},"categories":[31],"tags":[99,147,21357,48,98,22569,581,235,46,47,49,45,50,22985,22678,22984,20559,22983,167,234],"class_list":{"0":"post-106657","1":"post","2":"type-post","3":"status-publish","4":"format-standard","5":"has-post-thumbnail","7":"category-celebrities","8":"tag-amusement","9":"tag-celebrities","10":"tag-de-oranjewinter","11":"tag-dutch","12":"tag-entertainment","13":"tag-frans-vinju","14":"tag-helene-hendriks","15":"tag-laatste-voetbalnieuws","16":"tag-nederland","17":"tag-nederlanden","18":"tag-nederlands","19":"tag-netherlands","20":"tag-nl","21":"tag-paragnost","22":"tag-party","23":"tag-relatie-uitdagingen","24":"tag-the-winner-takes-it-all","25":"tag-thomas-woolthuis","26":"tag-voetbal","27":"tag-voetbalnieuws"},"share_on_mastodon":{"url":"https:\/\/pubeurope.com\/@nl\/115861825917781824","error":""},"_links":{"self":[{"href":"https:\/\/www.europesays.com\/nl\/wp-json\/wp\/v2\/posts\/106657","targetHints":{"allow":["GET"]}}],"collection":[{"href":"https:\/\/www.europesays.com\/nl\/wp-json\/wp\/v2\/posts"}],"about":[{"href":"https:\/\/www.europesays.com\/nl\/wp-json\/wp\/v2\/types\/post"}],"author":[{"embeddable":true,"href":"https:\/\/www.europesays.com\/nl\/wp-json\/wp\/v2\/users\/2"}],"replies":[{"embeddable":true,"href":"https:\/\/www.europesays.com\/nl\/wp-json\/wp\/v2\/comments?post=106657"}],"version-history":[{"count":0,"href":"https:\/\/www.europesays.com\/nl\/wp-json\/wp\/v2\/posts\/106657\/revisions"}],"wp:featuredmedia":[{"embeddable":true,"href":"https:\/\/www.europesays.com\/nl\/wp-json\/wp\/v2\/media\/95379"}],"wp:attachment":[{"href":"https:\/\/www.europesays.com\/nl\/wp-json\/wp\/v2\/media?parent=106657"}],"wp:term":[{"taxonomy":"category","embeddable":true,"href":"https:\/\/www.europesays.com\/nl\/wp-json\/wp\/v2\/categories?post=106657"},{"taxonomy":"post_tag","embeddable":true,"href":"https:\/\/www.europesays.com\/nl\/wp-json\/wp\/v2\/tags?post=106657"}],"curies":[{"name":"wp","href":"https:\/\/api.w.org\/{rel}","templated":true}]}}