{"id":106891,"date":"2026-01-09T07:15:14","date_gmt":"2026-01-09T07:15:14","guid":{"rendered":"https:\/\/www.europesays.com\/nl\/106891\/"},"modified":"2026-01-09T07:15:14","modified_gmt":"2026-01-09T07:15:14","slug":"nederlandse-gelegenheidsploeg-op-ek-afstanden-meeste-olympiers-trainen-in-buitenland","status":"publish","type":"post","link":"https:\/\/www.europesays.com\/nl\/106891\/","title":{"rendered":"Nederlandse gelegenheidsploeg op EK afstanden, meeste olympi\u00ebrs trainen in buitenland"},"content":{"rendered":"<p><img alt=\"\" decoding=\"async\" loading=\"eager\" src=\"https:\/\/www.europesays.com\/nl\/wp-content\/uploads\/2026\/01\/1767942909_919_1024x576a.jpg\" class=\"sc-bcb3b750-1 cULYcE\"\/>ANP\/NOS<\/p>\n<p>NOS Schaatsen\u2022vandaag, 06:05<\/p>\n<ul data-sentry-element=\"List\" data-sentry-source-file=\"Bios.tsx\" class=\"sc-5a4c6157-2 BEKFl\">\n<li class=\"sc-5a4c6157-0 hlPakX\">\n<p data-sentry-element=\"Name\" data-sentry-source-file=\"NameAndDescription.tsx\" class=\"sc-87f09551-1 AgcKJ\">Joost Smedema<\/p>\n<p class=\"sc-87f09551-2 jvtcnd\">redacteur schaatsen in Tomasz\u00f3w<\/p>\n<\/li>\n<\/ul>\n<ul data-sentry-element=\"SlideContainer\" data-sentry-source-file=\"Carousel.tsx\" class=\"sc-1f721a4b-2 kSTOcb\">\n<li class=\"sc-5a4c6157-0 hlPakX\">\n<p data-sentry-element=\"Name\" data-sentry-source-file=\"NameAndDescription.tsx\" class=\"sc-87f09551-1 AgcKJ\">Joost Smedema<\/p>\n<p class=\"sc-87f09551-2 jvtcnd\">redacteur schaatsen in Tomasz\u00f3w<\/p>\n<\/li>\n<\/ul>\n<p class=\"sc-2ea02837-0 fedhGB\" id=\"735254475126643\">Het ene schaatstoernooi is het andere niet. Anderhalve week na het alles-of-niets-OKT waar de hele Nederlandse top streed om olympische startplekken gaat het schaatsseizoen dit weekeinde verder met de EK afstanden vol gelegenheidsteams.<\/p>\n<p class=\"sc-2ea02837-0 fedhGB\" id=\"558814688863317\">De Europese kampioenschappen zijn in een schaatswinter altijd al een bijnummer, onderschikt aan de wereldkampioenschappen en vaak ook aan nationale kwalificatiewedstrijden. Dit seizoen is dat helemaal het geval.<\/p>\n<p>EK met slechts \u00e9\u00e9n Nederlandse olympi\u00ebr<\/p>\n<p class=\"sc-2ea02837-0 fedhGB\" id=\"418401897538829\">Minder dan een maand voor de Spelen van Milaan is slechts \u00e9\u00e9n van de achttien Nederlandse olympi\u00ebrs naar het Poolse Tomasz\u00f3w afgereisd: Anna Boersma. Ze plaatste zich voor de olympische 500 meter en is &#8220;nog steeds aan het genieten&#8221;.<\/p>\n<p class=\"sc-2ea02837-0 fedhGB\" id=\"288397941556042\">&#8220;Het is een EK, dat is een heel leuke wedstrijd om aan mee te doen. En het past ook wel in mijn voorbereiding op de Spelen vonden mijn coach Ian Steen en ik&#8221;, verklaart ze haar deelname.<\/p>\n<p class=\"sc-2ea02837-0 fedhGB\" id=\"77046059743754\">Bekijk hieronder het programma van de EK afstanden:<\/p>\n<ul data-sentry-element=\"Slides\" data-sentry-source-file=\"Carousel.tsx\" class=\"sc-e4f6708-5 hWPyLG\">\n<li data-testid=\"carousel-slide\" class=\"sc-e4f6708-0 gBookv\"><img alt=\"\" decoding=\"async\" loading=\"lazy\" src=\"https:\/\/www.europesays.com\/nl\/wp-content\/uploads\/2026\/01\/1767889691_109_576x576a.jpg\" class=\"sc-bcb3b750-1 cULYcE\"\/>NOSHet EK-programma op vrijdag<\/li>\n<li data-testid=\"carousel-slide\" class=\"sc-e4f6708-0 gBookv\"><img alt=\"\" decoding=\"async\" loading=\"lazy\" src=\"https:\/\/www.europesays.com\/nl\/wp-content\/uploads\/2026\/01\/1767889692_243_576x576a.jpg\" class=\"sc-bcb3b750-1 cULYcE\"\/>NOSHet EK-programma op zaterdag<\/li>\n<li data-testid=\"carousel-slide\" class=\"sc-e4f6708-0 gBookv\"><img alt=\"\" decoding=\"async\" loading=\"lazy\" src=\"https:\/\/www.europesays.com\/nl\/wp-content\/uploads\/2026\/01\/1767889692_331_576x576a.jpg\" class=\"sc-bcb3b750-1 cULYcE\"\/>NOSHet EK-programma op zondag<\/li>\n<\/ul>\n<p>Vorige slide<\/p>\n<p>Volgende slide<\/p>\n<p class=\"sc-2ea02837-0 fedhGB\" id=\"53710308407748\">De andere Nederlandse Milaan-gangers laten de EK links liggen. Een groot aantal schaatsers van Reggeborgh, de ploeg van onder anderen Jenning de Boo en Femke Kok, is deze week in Zuid-Spanje aan het trainen.<\/p>\n<p class=\"sc-2ea02837-0 fedhGB\" id=\"156228965758108\">AH-Zaanlander (met Jorrit Bergsma, Marijke Groenewoud en Merel Conijn) zoekt volgende week de Spaanse zon op. De olympi\u00ebrs van Essent (onder anderen Joep Wennemars, Suzanne Schulting en Chris Huizinga) gaan naar de Italiaanse bergen en schaatsen op hoogte op de buitenbaan van Collalbo.<\/p>\n<p class=\"sc-2ea02837-0 fedhGB\" id=\"414999395834639\">De meesten van hen komen terug in competitie bij de wereldbeker in Inzell over twee weken, de laatste stop voor de Spelen. Boersma doet het precies andersom.<\/p>\n<p class=\"sc-2ea02837-0 fedhGB\" id=\"195240555434051\">&#8220;Ik vlieg vanuit hier naar Calpe (Zuid-Spanje, red.) om te fietsen en te trainen in de zon. De wereldbeker in Inzell sla ik over om met mijn ploeg te trainen voor ik naar Itali\u00eb ga&#8221;, zegt Boersma, die vanavond de teamsprint en morgen de 500 meter rijdt.<\/p>\n<p><img alt=\"\" decoding=\"async\" loading=\"lazy\" src=\"https:\/\/www.europesays.com\/nl\/wp-content\/uploads\/2026\/01\/1767942912_902_1024x576a.jpg\" class=\"sc-bcb3b750-1 cULYcE\"\/>ANPAnna Boersma na haar derde tijd op het OKT, genoeg voor een ticket naar de Olympische Spelen<\/p>\n<p class=\"sc-2ea02837-0 fedhGB\" id=\"485944688682882\">Naast Boersma is Tim Prins de opvallendste Nederlandse naam in de EK-selectie. Prins kwam op het OKT op de 1.000 meter vijf duizendsten tekort voor de Spelen. Daarna werd hij weliswaar derde op de 1.500 meter, maar vervolgens door de selectiecommissie van de schaatsbond <a data-tracking=\"elementType=page|elementId=https:\/\/nos.nl\/artikel\/2597394-na-fastfood-en-korte-nachten-staat-teleurgestelde-prins-weer-op-het-ijs-voor-ek-afstanden|eventType=navigation|eventName=open\" target=\"_self\" href=\"https:\/\/nos.nl\/artikel\/2597394-na-fastfood-en-korte-nachten-staat-teleurgestelde-prins-weer-op-het-ijs-voor-ek-afstanden\" rel=\"nofollow noopener\">uit de selectie gehaald<\/a>. Zijn plek ging naar Marcel Bosker, met het oog op de ploegenachtervolging.<\/p>\n<p class=\"sc-2ea02837-0 fedhGB\" id=\"642923126773173\">Dat onderdeel wordt vanavond op de EK niet met de olympische ploeg gereden, maar door Wisse Slendeboek, Louis Hollaar en Kars Jansman.<\/p>\n<p class=\"sc-2ea02837-0 fedhGB\" id=\"759148610129609\">Het is een trio dat nog nooit samen reed. Sterker nog: Slendebroek debuteert dit weekeinde op een internationale wedstrijd bij de senioren, net als Kayo Vos (1.000m) en Gioya Lancee (3.000 meter).<\/p>\n<p class=\"sc-2ea02837-0 fedhGB\" id=\"893367470450387\">Bekijk hieronder de Nederlandse olympische ploeg:<\/p>\n<ul data-sentry-element=\"Slides\" data-sentry-source-file=\"Carousel.tsx\" class=\"sc-e4f6708-5 hWPyLG\">\n<li data-testid=\"carousel-slide\" class=\"sc-e4f6708-0 iNdOVo\"><img alt=\"\" decoding=\"async\" loading=\"lazy\" src=\"https:\/\/www.europesays.com\/nl\/wp-content\/uploads\/2026\/01\/1767355691_40_576x768a.jpg\" class=\"sc-bcb3b750-1 cULYcE\"\/>NOS<\/li>\n<li data-testid=\"carousel-slide\" class=\"sc-e4f6708-0 iNdOVo\"><img alt=\"\" decoding=\"async\" loading=\"lazy\" src=\"https:\/\/www.europesays.com\/nl\/wp-content\/uploads\/2026\/01\/1767942914_618_576x768a.jpg\" class=\"sc-bcb3b750-1 cULYcE\"\/>NOS<\/li>\n<\/ul>\n<p>Vorige slide<\/p>\n<p>Volgende slide<\/p>\n<p class=\"sc-2ea02837-0 fedhGB\" id=\"893957672153122\">Merijn Scheperkamp (500m en teamsprint op de EK) en Sanne in &#8217;t Hof (3.000m) zijn de enige EK-deelnemers met olympische ervaring. De Nederlandse ploeg bestaat verder vooral uit rijders die dit jaar internationaal niet of buiten de schijnwerpers hebben gereden.<\/p>\n<p class=\"sc-2ea02837-0 fedhGB\" id=\"478705512731242\">Zij krijgen een kans bij afwezigheid van grote namen als Kjeld Nuis, Jutta Leerdam, De Boo, Bergsma en Kok. Ook meerdere internationale kanshebbers op olympische medailles laten de EK schieten: Finn Sonnekalb, Metodej J\u00edlek, Timothy Loubineaud en Sander Eitrem slaan dit weekeinde over.<\/p>\n<p><img alt=\"\" decoding=\"async\" loading=\"lazy\" src=\"https:\/\/www.europesays.com\/nl\/wp-content\/uploads\/2026\/01\/1767942914_356_1024x576a.jpg\" class=\"sc-bcb3b750-1 cULYcE\"\/>ANPHet podium op de 5 km bij de laatste wereldbeker met Loubineaud, J\u00edlek en Eitrem<\/p>\n<p class=\"sc-2ea02837-0 fedhGB\" id=\"80780354281065\">De Poolse selectie is in eigen land wel compleet en niet alleen omdat er veel vrienden en familie op de tribune zullen zitten. Sprinter Kaja Ziomek-Nogal, winnaar van twee zilveren wereldbekermedailles op de 500 meter, legt uit waarom de EK ook financieel belangrijk voor de Poolse schaatsers.<\/p>\n<p class=\"sc-2ea02837-0 fedhGB\" id=\"555276191471653\">&#8220;Het stipendium dat we krijgen van het ministerie staat dit weekeinde op het spel. Die steun kun je alleen verdienen bij kampioenschappen over losse afstanden. Dit weekeinde dus en op de Spelen, niet op de WK allround en sprint.&#8221;<\/p>\n<blockquote data-testid=\"quote\" data-sentry-element=\"Wrapper\" data-sentry-component=\"Quote\" data-sentry-source-file=\"Quote.tsx\" class=\"sc-72c8a907-0 dDIjFt\">\n<p class=\"sc-2ea02837-0 fedhGB sc-72c8a907-3 dsedzD\">Kok is de beste op dit moment. Haar afwezigheid maakt het voor mij een stuk makkelijker.<\/p>\n<p>Kaja Ziomek-Nogal<\/p><\/blockquote>\n<p class=\"sc-2ea02837-0 fedhGB\" id=\"276461208091806\">&#8220;Een plek in de top acht betekent dat je steun krijgt. Vorig seizoen reed ik goed in de wereldbekers, maar op de WK afstanden werd ik twaalfde. Toen viel er ineens veel geld weg. Natuurlijk zijn de Spelen het belangrijkst dit seizoen, maar ook dit weekeinde wil ik presteren.&#8221;<\/p>\n<p class=\"sc-2ea02837-0 fedhGB\" id=\"324627570143566\">Zonder wereldkampioen en wereldrecordhouder Femke Kok is de kans op een gouden EK-medaille aanzienlijk gegroeid. &#8220;Ik droom ervan Europees kampioen te worden. Kok is de beste op dit moment, dat is duidelijk. Dat zij er niet is, maakt het voor mij een stuk makkelijker.&#8221;<\/p>\n","protected":false},"excerpt":{"rendered":"ANP\/NOS NOS Schaatsen\u2022vandaag, 06:05 Joost Smedema redacteur schaatsen in Tomasz\u00f3w Joost Smedema redacteur schaatsen in Tomasz\u00f3w Het ene&hellip;\n","protected":false},"author":2,"featured_media":106892,"comment_status":"","ping_status":"","sticky":false,"template":"","format":"standard","meta":{"footnotes":""},"categories":[5],"tags":[39,40,48,43,44,34,35,41,42,46,47,49,45,32,33,50,4189,36,37,38],"class_list":{"0":"post-106891","1":"post","2":"type-post","3":"status-publish","4":"format-standard","5":"has-post-thumbnail","7":"category-hoofdpunten","8":"tag-breaking-news","9":"tag-breakingnews","10":"tag-dutch","11":"tag-featured-news","12":"tag-featurednews","13":"tag-headlines","14":"tag-hoofdpunten","15":"tag-latest-news","16":"tag-latestnews","17":"tag-nederland","18":"tag-nederlanden","19":"tag-nederlands","20":"tag-netherlands","21":"tag-news","22":"tag-nieuws","23":"tag-nl","24":"tag-schaatsen","25":"tag-top-stories","26":"tag-topstories","27":"tag-voorpaginanieuws"},"share_on_mastodon":{"url":"https:\/\/pubeurope.com\/@nl\/115863913973628875","error":""},"_links":{"self":[{"href":"https:\/\/www.europesays.com\/nl\/wp-json\/wp\/v2\/posts\/106891","targetHints":{"allow":["GET"]}}],"collection":[{"href":"https:\/\/www.europesays.com\/nl\/wp-json\/wp\/v2\/posts"}],"about":[{"href":"https:\/\/www.europesays.com\/nl\/wp-json\/wp\/v2\/types\/post"}],"author":[{"embeddable":true,"href":"https:\/\/www.europesays.com\/nl\/wp-json\/wp\/v2\/users\/2"}],"replies":[{"embeddable":true,"href":"https:\/\/www.europesays.com\/nl\/wp-json\/wp\/v2\/comments?post=106891"}],"version-history":[{"count":0,"href":"https:\/\/www.europesays.com\/nl\/wp-json\/wp\/v2\/posts\/106891\/revisions"}],"wp:featuredmedia":[{"embeddable":true,"href":"https:\/\/www.europesays.com\/nl\/wp-json\/wp\/v2\/media\/106892"}],"wp:attachment":[{"href":"https:\/\/www.europesays.com\/nl\/wp-json\/wp\/v2\/media?parent=106891"}],"wp:term":[{"taxonomy":"category","embeddable":true,"href":"https:\/\/www.europesays.com\/nl\/wp-json\/wp\/v2\/categories?post=106891"},{"taxonomy":"post_tag","embeddable":true,"href":"https:\/\/www.europesays.com\/nl\/wp-json\/wp\/v2\/tags?post=106891"}],"curies":[{"name":"wp","href":"https:\/\/api.w.org\/{rel}","templated":true}]}}