{"id":106990,"date":"2026-01-09T09:30:11","date_gmt":"2026-01-09T09:30:11","guid":{"rendered":"https:\/\/www.europesays.com\/nl\/106990\/"},"modified":"2026-01-09T09:30:11","modified_gmt":"2026-01-09T09:30:11","slug":"alonso-spreekt-schande-van-uitspraak-simeone-wat-hij-zei-was-onacceptabel-voetbalprimeur-nl","status":"publish","type":"post","link":"https:\/\/www.europesays.com\/nl\/106990\/","title":{"rendered":"Alonso spreekt schande van uitspraak Simeone: &#039;Wat hij zei, was onacceptabel&#039; &#8211; VoetbalPrimeur.nl"},"content":{"rendered":"<ol>\n<li><a href=\"https:\/\/news.google.com\/rss\/articles\/CBMiqAFBVV95cUxQamNwcWd4cDh0cEd6OXdiX3hKWTV5UXh1NUpUVlNUekRlaXp5VnF5WmQ1dUplRVNuRWstc2FxS2trQjdvWTlhSFVReFgtU3hGR0RQTm9TLXlteDV5M3dOX1phNFpCckZiZ3A3TmlBS3FKNDJDY2NwaWozNUQ2emxoSXRuLXRxRWVYOUhOV3Fzd2lsYTM0OVBPbHdwN3JQaGV3cXlJTi0zOGQ?oc=5\" target=\"_blank\" rel=\"nofollow noopener\">Alonso spreekt schande van uitspraak Simeone: &#8216;Wat hij zei, was onacceptabel&#8217;<\/a>&nbsp;&nbsp;VoetbalPrimeur.nl<\/li>\n<li><a href=\"https:\/\/news.google.com\/rss\/articles\/CBMiuwFBVV95cUxOQzg4ZktBUTVpR1lDbUdUb1l1YVYzRDkxSkJPbHRVeXQ5ajM1clJFSFA0am5mWXBBMVdPLXd0M0J5dlVyc3ZUSTB1dnUxNnNOckU5dHJ1ZUlRRWM5WXVKTDk2aEhYdlVlakc2dUpFZ2l1dVQxUnlnQ3JCNkVZX2V5VGdfbDVEbDBHb3U3T2JSTDdjYnJ0WTQ0Mmh2Z2JRVHNob1RxMEw1TGZSLUNtaEVsYmg0emRDM1JPME5j?oc=5\" target=\"_blank\" rel=\"nofollow noopener\">Xabi Alonso hekelt uitlatingen Simeone richting Vin\u00edcius J\u00fanior: &#8216;Slecht voorbeeld&#8217;<\/a>&nbsp;&nbsp;NU<\/li>\n<li><a href=\"https:\/\/news.google.com\/rss\/articles\/CBMiywFBVV95cUxQZ0d2cEVUOHB1UXJYQVZzVUdOc3lnTHhSbDBrVnltaExoZWxjZEkwUmhwc09fTGwwTFJtOHMtRXlDTjRUZkFqeHp2QXFSWDFDbmxfM0pfQmRWbE1lQzJYb1FIcURvbHFuajFTa2s2bW80Rl9UQ2t5YTdWVE0xNUhtLXRXU2FkZkt0cVlrMC1JN2IwVEZjTThQV0daZkN4aVZsR1VwUDNJRmVwWTBHamgtMENDVUdja3JJUmx0Q3YtUWUxamtZM1Q0bFRfNA?oc=5\" target=\"_blank\" rel=\"nofollow noopener\">Vin\u00edcius deelt na Madrileense derby via Instagram pijnlijke sneer uit aan Simeone<\/a>&nbsp;&nbsp;VoetbalPrimeur.nl<\/li>\n<li><a href=\"https:\/\/news.google.com\/rss\/articles\/CBMiiwJBVV95cUxQQTJ6cmM3bURFRXZneEVKUnh5SUdFY0RRMlBlU1E1UzNaZUdPZ21WYXZ0MGV6a2JvbEU3aDlka2FqcTJvbjVyRkdKVXY4Vnh4UlBMcFRuODR4RTVXU0ZlZ3M0c3hxdUZ5UzRjWGkwdUZjR1UyOE8tNzhjOENmRlAwZVFuVkpCYktiWk90MG9acG1mb3ZkUzE3R3pZVm9LdnJ0NU5pSW5hUjlaSGZDWVJwU3oxcThUa01CZWduLWZ6T19pck1WSGFfd3BZU3FLeTVhdTJQZzRiWUlZZ0lfU294amJPMGJRU0NnTXgtYnlFZXVHa05sa2p2eWM5ZzFmb1N1R0VYSmJZTXZpOUk?oc=5\" target=\"_blank\" rel=\"nofollow noopener\">KIJK. \u201cHey! Vini! Florentino gaat jou buitengooien\u201d: hoe Diego Simeone en Vin\u00edcius J\u00fanior Jeddah op stelten zetten na Atl\u00e9tico-Real Madrid<\/a>&nbsp;&nbsp;HLN<\/li>\n<li><a href=\"https:\/\/news.google.com\/rss\/articles\/CBMinAFBVV95cUxQN05WT0RmQUZ6OFZhWnRqd081T3ZVTkhWdUZHQ3VVWWthQ1ZfMEItbGhVVGRvUFU4TnVxNHd3VzZIcG5OT3kwSy1taGVKTk5zMEJuMFZrLTBVakZqRkFnNlM0c2xNbXJkeUtSQU5mTXZNNzRQdE45Sm1zS0ZwVW00LWJFaVJLMW8xWFlkZjJuejFSMXdZQnZ6SHhQMlM?oc=5\" target=\"_blank\" rel=\"nofollow noopener\">Rel tussen Simeone en Vin\u00edcius: &#8216;Onthoud dit, Florentino gaat je ontslaan!&#8217;<\/a>&nbsp;&nbsp;vi.nl<\/li>\n<\/ol>\n","protected":false},"excerpt":{"rendered":"Alonso spreekt schande van uitspraak Simeone: &#8216;Wat hij zei, was onacceptabel&#8217;&nbsp;&nbsp;VoetbalPrimeur.nl Xabi Alonso hekelt uitlatingen Simeone richting Vin\u00edcius&hellip;\n","protected":false},"author":2,"featured_media":106991,"comment_status":"","ping_status":"","sticky":false,"template":"","format":"standard","meta":{"footnotes":""},"categories":[21],"tags":[48,46,47,49,45,50,92,91],"class_list":{"0":"post-106990","1":"post","2":"type-post","3":"status-publish","4":"format-standard","5":"has-post-thumbnail","7":"category-sport","8":"tag-dutch","9":"tag-nederland","10":"tag-nederlanden","11":"tag-nederlands","12":"tag-netherlands","13":"tag-nl","14":"tag-sport","15":"tag-sports"},"share_on_mastodon":{"url":"https:\/\/pubeurope.com\/@nl\/115864444856467950","error":""},"_links":{"self":[{"href":"https:\/\/www.europesays.com\/nl\/wp-json\/wp\/v2\/posts\/106990","targetHints":{"allow":["GET"]}}],"collection":[{"href":"https:\/\/www.europesays.com\/nl\/wp-json\/wp\/v2\/posts"}],"about":[{"href":"https:\/\/www.europesays.com\/nl\/wp-json\/wp\/v2\/types\/post"}],"author":[{"embeddable":true,"href":"https:\/\/www.europesays.com\/nl\/wp-json\/wp\/v2\/users\/2"}],"replies":[{"embeddable":true,"href":"https:\/\/www.europesays.com\/nl\/wp-json\/wp\/v2\/comments?post=106990"}],"version-history":[{"count":0,"href":"https:\/\/www.europesays.com\/nl\/wp-json\/wp\/v2\/posts\/106990\/revisions"}],"wp:featuredmedia":[{"embeddable":true,"href":"https:\/\/www.europesays.com\/nl\/wp-json\/wp\/v2\/media\/106991"}],"wp:attachment":[{"href":"https:\/\/www.europesays.com\/nl\/wp-json\/wp\/v2\/media?parent=106990"}],"wp:term":[{"taxonomy":"category","embeddable":true,"href":"https:\/\/www.europesays.com\/nl\/wp-json\/wp\/v2\/categories?post=106990"},{"taxonomy":"post_tag","embeddable":true,"href":"https:\/\/www.europesays.com\/nl\/wp-json\/wp\/v2\/tags?post=106990"}],"curies":[{"name":"wp","href":"https:\/\/api.w.org\/{rel}","templated":true}]}}