{"id":107069,"date":"2026-01-09T11:00:09","date_gmt":"2026-01-09T11:00:09","guid":{"rendered":"https:\/\/www.europesays.com\/nl\/107069\/"},"modified":"2026-01-09T11:00:09","modified_gmt":"2026-01-09T11:00:09","slug":"helene-hendriks-gniffelt-als-naam-jack-van-gelder-valt-zegt-niets","status":"publish","type":"post","link":"https:\/\/www.europesays.com\/nl\/107069\/","title":{"rendered":"H\u00e9l\u00e8ne Hendriks gniffelt als naam Jack van Gelder valt, zegt niets"},"content":{"rendered":"<p>H\u00e9l\u00e8ne Hendriks stelt zich echt heel erg raar op in de rel over de Jack van Gelder-boycot van haar programma. Zelfs als in haar talkshow  zijn naam ter sprake komt, wil ze er niets over kwijt.<\/p>\n<p>        Door onze entertainmentredactie<\/p>\n<p>        <img fetchpriority=\"high\" decoding=\"async\" width=\"1280\" height=\"720\" src=\"https:\/\/www.europesays.com\/nl\/wp-content\/uploads\/2026\/01\/0109-Helene-Jack.jpg\" class=\"attachment-post-thumbnail size-post-thumbnail wp-post-image\" alt=\"H\u00e9l\u00e8ne Hendriks en Jack van Gelder\"  \/>        \u00a9 SBS    <\/p>\n<p>Het is oncollegiaal en onsympathiek hoe H\u00e9l\u00e8ne Hendriks zich opstelt in de rel over het boycotten van Jack van Gelder. De opiniemaker is <a href=\"https:\/\/www.mediacourant.nl\/2026\/01\/jack-van-gelder-niet-meer-welkom-in-oranjewinter-andere-basis\/\" rel=\"nofollow noopener\" target=\"_blank\">niet welkom<\/a> bij de huidige serie van De Oranjewinter en heeft dat niet van H\u00e9l\u00e8ne, maar van Talpa-baas Frans Klein moeten vernemen. Die stelt dat het een keuze is van de redactie. Alsof H\u00e9l\u00e8ne niets te zeggen heeft.<\/p>\n<p>H\u00e9l\u00e8ne zwijgt<\/p>\n<p>Natuurlijk is Jack gewoon welkom in De Oranjewinter als H\u00e9l\u00e8ne dat wil, dus dat zij zich verschuilt achter allerlei excuusjes is gewoon een slappe hap. Eerst riep ze in de krant dat Jack <a href=\"https:\/\/www.mediacourant.nl\/2025\/12\/waar-is-jack-van-gelder-gebleven-bij-talkshow-helene-hendriks\/\" rel=\"nofollow noopener\" target=\"_blank\">op vakantie is<\/a>, en nu stelt ze \u2014 via Frans \u2014 dat het <a href=\"https:\/\/www.mediacourant.nl\/2026\/01\/waarom-staat-helene-hendriks-niet-op-voor-jack-van-gelder-vals\/\" rel=\"nofollow noopener\" target=\"_blank\">een keuze van de redactie is<\/a>. \u201cIk heb het idee dat ze dit niet helemaal zuiver speelt\u201d, aldus columnist Jan Dijkgraaf.<\/p>\n<p>Je zou denken dat H\u00e9l\u00e8ne op televisie wel wat tekst en uitleg wil geven over haar valse streek, maar ze zwijgt het in <a href=\"https:\/\/www.kijk.nl\/programmas\/de-oranjewinter\" rel=\"nofollow noopener\" target=\"_blank\">De Oranjewinter<\/a> echt helemaal dood. Z\u00e9lfs als aan tafel de naam van Jack valt.<\/p>\n<p>Gniffelen<\/p>\n<p>Het lijkt erop dat H\u00e9l\u00e8ne het allemaal wel grappig vindt. Tafelgast Hugo Borst merkt op een gegeven moment op dat hij voor de NOS regelmatig naar het buitenland is geweest. \u201cIk heb heel vaak in het buitenland natuurlijk gewerkt. Met Jack van Gelder. Ken je die?\u201d<\/p>\n<p>Een uitgelezen moment voor H\u00e9l\u00e8ne om haar kant van het verhaal toe te lichten, maar ze begint heel raar te lachen: \u201cHahaha. Ja, die ken ik. Hahaha. Wou je er nog meer over vertellen?\u201d<\/p>\n<p>Dan gaat Hugo door met z\u2019n verhaal. Kil en onpersoonlijk van H\u00e9l\u00e8ne.<\/p>\n<p>Fout citaat<\/p>\n<p>H\u00e9l\u00e8ne laat in het <a href=\"https:\/\/www.ad.nl\/show\/jack-van-gelder-mogelijk-pas-van-de-zomer-weer-aan-tafel-bij-helene-hendriks~a840fc0e\/\" rel=\"nofollow noopener\" target=\"_blank\">AD<\/a> \u00edets meer los, maar zegt niet waarom Jack niet meer welkom is. Ze laat slechts weten: \u201cIk heb nooit gezegd dat Jack op vakantie is. Dat was een verkeerde quote in een artikel.\u201d<\/p>\n<p>Ze beweert dus dat De Telegraaf haar verkeerd geciteerd heeft. \u201cHet is algemeen bekend dat ik goed met Jack overweg kan en hem er graag bij heb. We zien hem weer terug bij De Oranjezomer\/Zondag. De komende dagen zal vooral Rutger (Castricum) na lange afwezigheid aan de kop zitten.\u201d<\/p>\n<p>\u2018Geen idee\u2019<\/p>\n<p>Het lijkt erop dat H\u00e9l\u00e8ne nog altijd niet gebeld heeft met Jack. Als het AD hem vraagt of hij wel welkom is op Cura\u00e7ao als daarvandaan straks De Oranjezomer wordt uitgezonden, antwoordt hij: \u201cGeen idee.\u201d<\/p>\n<p>Hij springt in een reactie aan deze site nog wel in de bres voor H\u00e9l\u00e8ne: \u201cDe redactie heeft besloten om mij deze cyclus niet uit te nodigen. Daar is niets vreemds aan. Ik ben freelancer. H\u00e9l\u00e8ne valt niets te verwijten. Zij verdient alle heisa niet.\u201d<\/p>\n<p>Sportief van Jack. Dat kun je van H\u00e9l\u00e8ne niet zeggen\u2026<\/p>\n","protected":false},"excerpt":{"rendered":"H\u00e9l\u00e8ne Hendriks stelt zich echt heel erg raar op in de rel over de Jack van Gelder-boycot van&hellip;\n","protected":false},"author":2,"featured_media":107070,"comment_status":"","ping_status":"","sticky":false,"template":"","format":"standard","meta":{"footnotes":""},"categories":[31],"tags":[99,147,48,98,581,378,46,47,49,45,50],"class_list":{"0":"post-107069","1":"post","2":"type-post","3":"status-publish","4":"format-standard","5":"has-post-thumbnail","7":"category-celebrities","8":"tag-amusement","9":"tag-celebrities","10":"tag-dutch","11":"tag-entertainment","12":"tag-helene-hendriks","13":"tag-jack-van-gelder","14":"tag-nederland","15":"tag-nederlanden","16":"tag-nederlands","17":"tag-netherlands","18":"tag-nl"},"share_on_mastodon":{"url":"https:\/\/pubeurope.com\/@nl\/115864798692316574","error":""},"_links":{"self":[{"href":"https:\/\/www.europesays.com\/nl\/wp-json\/wp\/v2\/posts\/107069","targetHints":{"allow":["GET"]}}],"collection":[{"href":"https:\/\/www.europesays.com\/nl\/wp-json\/wp\/v2\/posts"}],"about":[{"href":"https:\/\/www.europesays.com\/nl\/wp-json\/wp\/v2\/types\/post"}],"author":[{"embeddable":true,"href":"https:\/\/www.europesays.com\/nl\/wp-json\/wp\/v2\/users\/2"}],"replies":[{"embeddable":true,"href":"https:\/\/www.europesays.com\/nl\/wp-json\/wp\/v2\/comments?post=107069"}],"version-history":[{"count":0,"href":"https:\/\/www.europesays.com\/nl\/wp-json\/wp\/v2\/posts\/107069\/revisions"}],"wp:featuredmedia":[{"embeddable":true,"href":"https:\/\/www.europesays.com\/nl\/wp-json\/wp\/v2\/media\/107070"}],"wp:attachment":[{"href":"https:\/\/www.europesays.com\/nl\/wp-json\/wp\/v2\/media?parent=107069"}],"wp:term":[{"taxonomy":"category","embeddable":true,"href":"https:\/\/www.europesays.com\/nl\/wp-json\/wp\/v2\/categories?post=107069"},{"taxonomy":"post_tag","embeddable":true,"href":"https:\/\/www.europesays.com\/nl\/wp-json\/wp\/v2\/tags?post=107069"}],"curies":[{"name":"wp","href":"https:\/\/api.w.org\/{rel}","templated":true}]}}