{"id":107242,"date":"2026-01-09T14:02:17","date_gmt":"2026-01-09T14:02:17","guid":{"rendered":"https:\/\/www.europesays.com\/nl\/107242\/"},"modified":"2026-01-09T14:02:17","modified_gmt":"2026-01-09T14:02:17","slug":"vajen-van-den-bosch-deelt-haar-allergrootste-wens","status":"publish","type":"post","link":"https:\/\/www.europesays.com\/nl\/107242\/","title":{"rendered":"Vaj\u00e8n van den Bosch deelt haar &#8216;allergrootste wens&#8217;"},"content":{"rendered":"<p class=\"mui-173mato e10ntc2u0\"><a rel=\"noopener noreferrer nofollow\" target=\"_blank\" class=\"mui-1i4zqbr e1bmvyuj0\" href=\"https:\/\/www.shownieuws.nl\/entertainment\/bners\/artikelen\/vajen-van-den-bosch-onthult-haar-liefdesleven\">Vaj\u00e8n van den Bosch<\/a> zou heel graag coach willen worden bij The Voice Kids. In een interview met &amp;C noemt de musicalactrice het zelfs haar &#8216;allergrootste wens&#8217;. Zelf deed Vajen in 2012 mee aan het programma en schopte ze het tot de finale, die ze destijds verloor.<\/p>\n<p class=\"mui-173mato e10ntc2u0\">&#8220;Qua werk lijkt het me geweldig om ooit programma&#8217;s te presenteren. Sowieso zou ik meer televisie doen, maar mijn allergrootste wens is coach worden bij The Voice Kids, omdat ik daar zelf ooit begonnen ben&#8221;, zegt de zangeres en actrice.<\/p>\n<p class=\"mui-173mato e10ntc2u0\">In het gesprek geeft ze ook aan uiteindelijk een betere balans te willen tussen werk en priv\u00e9, zodat ze meer tijd met haar dierbaren kan doorbrengen. &#8220;Ik moet eerlijk bekennen dat werk op dit moment wel op \u00e9\u00e9n staat&#8221;, aldus Vajen eerder in het gesprek.<\/p>\n<p class=\"mui-173mato e10ntc2u0\">Lees verder na de video&#8230;<\/p>\n<p><img alt=\"Vaj\u00e8n van den Bosch in Britse musical The Greatest Showman\" loading=\"lazy\" decoding=\"async\" data-nimg=\"fill\" class=\"mui-nacstu e1qtpq9e5\" style=\"position:absolute;height:100%;width:100%;left:0;top:0;right:0;bottom:0;color:transparent\"   src=\"https:\/\/www.europesays.com\/nl\/wp-content\/uploads\/2026\/01\/vajen-van-den-bosch-in-britse-musical-the-greatest-showman.jpg\"\/><\/p>\n<p>1:12<\/p>\n<p>Vaj\u00e8n van den Bosch in Britse musical The Greatest Showman<\/p>\n<p>Succesvol musicalster<\/p>\n<p class=\"mui-173mato e10ntc2u0\">Vajen speelt dit jaar mee in de Britse musical The Greatest Showman, zoals in de video hierboven te zien is Eerder was ze te zien in producties als Frozen, Wicked en Tarzan.<\/p>\n<p class=\"mui-173mato e10ntc2u0\">The Voice Kids keert later dit jaar weer terug op televisie. Ilse DeLange, Claude, Flemming en Emma Heesters zijn daarin de coaches. Quinty Misiedjan is de presentatrice, zoals in de video hieronder te zien is.<\/p>\n<p class=\"mui-173mato e10ntc2u0\">Lees verder na de video&#8230;<\/p>\n<p><img alt=\"Quinty Misiedjan over haar The Voice Kids-presentatieklus\" loading=\"lazy\" decoding=\"async\" data-nimg=\"fill\" class=\"mui-nacstu e1qtpq9e5\" style=\"position:absolute;height:100%;width:100%;left:0;top:0;right:0;bottom:0;color:transparent\"   src=\"https:\/\/www.europesays.com\/nl\/wp-content\/uploads\/2025\/12\/quinty-misiedjan-over-haar-the-voice-kids-presentatieklus.jpg\"\/><\/p>\n<p>0:49<\/p>\n<p>Quinty Misiedjan over haar The Voice Kids-presentatieklus<\/p>\n<p>Voetblessure<\/p>\n<p class=\"mui-173mato e10ntc2u0\">Een poos geleden sprak Shownieuws nog met Vaj\u00e8n over\u00a0<a rel=\"noopener noreferrer nofollow\" target=\"_blank\" class=\"mui-1i4zqbr e1bmvyuj0\" href=\"https:\/\/www.shownieuws.nl\/entertainment\/nieuws\/artikelen\/enorme-pech-voor-musicalster-vajen-van-den-bosch\">een vervelende blessure die ze had opgelopen:<\/a>\u00a0de musicalster, die op dat moment de groene heks in de Duitse versie van de musical Wicked speelde, had haar enkelbanden tijdens een dansbeweging op het toneel verrekt. Ze maakte de voorstelling af, maar zag dat haar enkel uiteindelijk helemaal dik wordt. Vaj\u00e8n moest goed rust houden en dat maakte haar behoorlijk verdrietig. Ze miste het podium namelijk.<\/p>\n<p><img alt=\"Flinke pech voor Vaj\u00e8n van den Bosch\" loading=\"lazy\" decoding=\"async\" data-nimg=\"fill\" class=\"mui-nacstu e1qtpq9e5\" style=\"position:absolute;height:100%;width:100%;left:0;top:0;right:0;bottom:0;color:transparent\"   src=\"https:\/\/www.europesays.com\/nl\/wp-content\/uploads\/2026\/01\/flinke-pech-voor-vajn-van-den-bosch.jpg\"\/><\/p>\n<p>0:42<\/p>\n<p>Flinke pech voor Vaj\u00e8n van den Bosch<\/p>\n","protected":false},"excerpt":{"rendered":"Vaj\u00e8n van den Bosch zou heel graag coach willen worden bij The Voice Kids. In een interview met&hellip;\n","protected":false},"author":2,"featured_media":107243,"comment_status":"","ping_status":"","sticky":false,"template":"","format":"standard","meta":{"footnotes":""},"categories":[31],"tags":[99,147,48,98,46,47,49,45,50],"class_list":{"0":"post-107242","1":"post","2":"type-post","3":"status-publish","4":"format-standard","5":"has-post-thumbnail","7":"category-celebrities","8":"tag-amusement","9":"tag-celebrities","10":"tag-dutch","11":"tag-entertainment","12":"tag-nederland","13":"tag-nederlanden","14":"tag-nederlands","15":"tag-netherlands","16":"tag-nl"},"share_on_mastodon":{"url":"https:\/\/pubeurope.com\/@nl\/115865514344806462","error":""},"_links":{"self":[{"href":"https:\/\/www.europesays.com\/nl\/wp-json\/wp\/v2\/posts\/107242","targetHints":{"allow":["GET"]}}],"collection":[{"href":"https:\/\/www.europesays.com\/nl\/wp-json\/wp\/v2\/posts"}],"about":[{"href":"https:\/\/www.europesays.com\/nl\/wp-json\/wp\/v2\/types\/post"}],"author":[{"embeddable":true,"href":"https:\/\/www.europesays.com\/nl\/wp-json\/wp\/v2\/users\/2"}],"replies":[{"embeddable":true,"href":"https:\/\/www.europesays.com\/nl\/wp-json\/wp\/v2\/comments?post=107242"}],"version-history":[{"count":0,"href":"https:\/\/www.europesays.com\/nl\/wp-json\/wp\/v2\/posts\/107242\/revisions"}],"wp:featuredmedia":[{"embeddable":true,"href":"https:\/\/www.europesays.com\/nl\/wp-json\/wp\/v2\/media\/107243"}],"wp:attachment":[{"href":"https:\/\/www.europesays.com\/nl\/wp-json\/wp\/v2\/media?parent=107242"}],"wp:term":[{"taxonomy":"category","embeddable":true,"href":"https:\/\/www.europesays.com\/nl\/wp-json\/wp\/v2\/categories?post=107242"},{"taxonomy":"post_tag","embeddable":true,"href":"https:\/\/www.europesays.com\/nl\/wp-json\/wp\/v2\/tags?post=107242"}],"curies":[{"name":"wp","href":"https:\/\/api.w.org\/{rel}","templated":true}]}}