{"id":107308,"date":"2026-01-09T15:18:21","date_gmt":"2026-01-09T15:18:21","guid":{"rendered":"https:\/\/www.europesays.com\/nl\/107308\/"},"modified":"2026-01-09T15:18:21","modified_gmt":"2026-01-09T15:18:21","slug":"zorgen-bij-ouders-jutta-leerdam-over-relatie-met-jake","status":"publish","type":"post","link":"https:\/\/www.europesays.com\/nl\/107308\/","title":{"rendered":"&#8216;Zorgen bij ouders Jutta Leerdam over relatie met Jake&#8217;"},"content":{"rendered":"<p>De verloving van\u00a0Jutta Leerdam\u00a0met\u00a0Jake Paul\u00a0was vorig jaar groot nieuws. Voor Jutta zelf een sprookje dat uitkwam, maar achter de schermen zouden haar ouders met gemengde gevoelens naar de relatie kijken. Volgens Britse media maken zij zich zorgen over de impact die Jake en zijn wereld met zich meebrengen.<\/p>\n<p>Bronnen vertellen aan\u00a0The Sun\u00a0dat Monique en Ruud Leerdam behoorlijk moesten wennen aan de plotselinge, wereldwijde media-aandacht rond hun dochter. \u201eHaar ouders waren op z\u2019n zachtst gezegd verrast toen Jutta met Jake begon te daten\u201d, zegt een insider. \u201eDe situatie veranderde compleet: Jutta was niet langer alleen topsporter, maar werd ineens ook een wereldberoemdheid.\u201d<\/p>\n<p>Zorgen<\/p>\n<p>Die omslag roept volgens de bron vooral \u00e9\u00e9n grote zorg op: haar schaatscarri\u00e8re. \u201eHet laatste wat haar ouders willen, is dat Jake haar carri\u00e8re be\u00efnvloedt\u201d, klinkt het. Jutta zit midden in haar topjaren en alles draait om focus, rust en prestaties, factoren die lastig te combineren zijn met het leven in de spotlights.<\/p>\n<p>Beschuldigingen<\/p>\n<p>Daarnaast speelt ook Jake Pauls verleden mee. Zijn naam dook de afgelopen jaren meerdere keren op in controverses rondom zijn liefdesleven. Zo beschuldigde zijn ex-vriendin\u00a0Alissa Violet\u00a0hem eerder van emotionele en mentale mishandeling. In april 2021 kwam ook influencer\u00a0Justine Paradise\u00a0met beschuldigingen van seksueel misbruik.<\/p>\n","protected":false},"excerpt":{"rendered":"De verloving van\u00a0Jutta Leerdam\u00a0met\u00a0Jake Paul\u00a0was vorig jaar groot nieuws. Voor Jutta zelf een sprookje dat uitkwam, maar achter&hellip;\n","protected":false},"author":2,"featured_media":107309,"comment_status":"","ping_status":"","sticky":false,"template":"","format":"standard","meta":{"footnotes":""},"categories":[25],"tags":[99,48,98,46,47,49,45,50],"class_list":{"0":"post-107308","1":"post","2":"type-post","3":"status-publish","4":"format-standard","5":"has-post-thumbnail","7":"category-amusement","8":"tag-amusement","9":"tag-dutch","10":"tag-entertainment","11":"tag-nederland","12":"tag-nederlanden","13":"tag-nederlands","14":"tag-netherlands","15":"tag-nl"},"share_on_mastodon":{"url":"https:\/\/pubeurope.com\/@nl\/115865813166388197","error":""},"_links":{"self":[{"href":"https:\/\/www.europesays.com\/nl\/wp-json\/wp\/v2\/posts\/107308","targetHints":{"allow":["GET"]}}],"collection":[{"href":"https:\/\/www.europesays.com\/nl\/wp-json\/wp\/v2\/posts"}],"about":[{"href":"https:\/\/www.europesays.com\/nl\/wp-json\/wp\/v2\/types\/post"}],"author":[{"embeddable":true,"href":"https:\/\/www.europesays.com\/nl\/wp-json\/wp\/v2\/users\/2"}],"replies":[{"embeddable":true,"href":"https:\/\/www.europesays.com\/nl\/wp-json\/wp\/v2\/comments?post=107308"}],"version-history":[{"count":0,"href":"https:\/\/www.europesays.com\/nl\/wp-json\/wp\/v2\/posts\/107308\/revisions"}],"wp:featuredmedia":[{"embeddable":true,"href":"https:\/\/www.europesays.com\/nl\/wp-json\/wp\/v2\/media\/107309"}],"wp:attachment":[{"href":"https:\/\/www.europesays.com\/nl\/wp-json\/wp\/v2\/media?parent=107308"}],"wp:term":[{"taxonomy":"category","embeddable":true,"href":"https:\/\/www.europesays.com\/nl\/wp-json\/wp\/v2\/categories?post=107308"},{"taxonomy":"post_tag","embeddable":true,"href":"https:\/\/www.europesays.com\/nl\/wp-json\/wp\/v2\/tags?post=107308"}],"curies":[{"name":"wp","href":"https:\/\/api.w.org\/{rel}","templated":true}]}}