{"id":107358,"date":"2026-01-09T16:14:15","date_gmt":"2026-01-09T16:14:15","guid":{"rendered":"https:\/\/www.europesays.com\/nl\/107358\/"},"modified":"2026-01-09T16:14:15","modified_gmt":"2026-01-09T16:14:15","slug":"ze-kiezen-een-andere-basis-2","status":"publish","type":"post","link":"https:\/\/www.europesays.com\/nl\/107358\/","title":{"rendered":"&#8216;Ze kiezen een andere basis&#8217;"},"content":{"rendered":"<p>Dit bevestigt Talpa aan het AD, na berichtgeving van Mediacourant.<\/p>\n<p>Andere basis<\/p>\n<p>Jack reageerde op de berichten van Mediacourant met: &#8220;Ze kiezen een andere basis.&#8221; Hij zegt dat Talpa-directeur Frans Klein hem liet weten: &#8220;Het team heeft mij laten weten vooralsnog met een andere basis te beginnen, zonder jou dus.&#8221; Talpa zegt hierover tegen het AD dat is besloten om te werken met wisselende gasten, dit geldt voor de wintervariant maar ook voor De Oranjezomer. <\/p>\n<p>Ruzie<\/p>\n<p>Er gingen geruchten dat de afwezigheid van Jack te maken had met een ruzie tussen hem en H\u00e9l\u00e8ne, maar dat ontkennen ze beiden. &#8220;H\u00e9l\u00e8ne en ik hebben bijna dagelijks contact. Er is tussen ons helemaal niets mis.&#8221; <\/p>\n<p>Niks vreemds aan<\/p>\n<p>Zelf reageert Jack op X dat hij de beslissing niet raar vindt: &#8220;De redactie heeft besloten om mij deze cyclus niet uit te nodigen. Daar is niets vreemds aan. Ik ben freelancer. H\u00e9l\u00e8ne valt niets te verwijten. Zij verdient alle heisa niet.&#8221; Dit betekent ook niet dat hij helemaal niet meer aan zal schuiven, maar voorlopig zit <a href=\"https:\/\/www.tvgids.nl\/tag\/rutger-castricum\" target=\"_self\" rel=\"nofollow noopener\">Rutger Castricum<\/a> op &#8216;zijn&#8217; plek.<\/p>\n","protected":false},"excerpt":{"rendered":"Dit bevestigt Talpa aan het AD, na berichtgeving van Mediacourant. Andere basis Jack reageerde op de berichten van&hellip;\n","protected":false},"author":2,"featured_media":107359,"comment_status":"","ping_status":"","sticky":false,"template":"","format":"standard","meta":{"footnotes":""},"categories":[25],"tags":[99,21357,8535,48,98,581,378,46,47,49,45,50,21356],"class_list":{"0":"post-107358","1":"post","2":"type-post","3":"status-publish","4":"format-standard","5":"has-post-thumbnail","7":"category-amusement","8":"tag-amusement","9":"tag-de-oranjewinter","10":"tag-de-oranjezomer","11":"tag-dutch","12":"tag-entertainment","13":"tag-helene-hendriks","14":"tag-jack-van-gelder","15":"tag-nederland","16":"tag-nederlanden","17":"tag-nederlands","18":"tag-netherlands","19":"tag-nl","20":"tag-rutger-castricum"},"share_on_mastodon":{"url":"https:\/\/pubeurope.com\/@nl\/115866033353366899","error":""},"_links":{"self":[{"href":"https:\/\/www.europesays.com\/nl\/wp-json\/wp\/v2\/posts\/107358","targetHints":{"allow":["GET"]}}],"collection":[{"href":"https:\/\/www.europesays.com\/nl\/wp-json\/wp\/v2\/posts"}],"about":[{"href":"https:\/\/www.europesays.com\/nl\/wp-json\/wp\/v2\/types\/post"}],"author":[{"embeddable":true,"href":"https:\/\/www.europesays.com\/nl\/wp-json\/wp\/v2\/users\/2"}],"replies":[{"embeddable":true,"href":"https:\/\/www.europesays.com\/nl\/wp-json\/wp\/v2\/comments?post=107358"}],"version-history":[{"count":0,"href":"https:\/\/www.europesays.com\/nl\/wp-json\/wp\/v2\/posts\/107358\/revisions"}],"wp:featuredmedia":[{"embeddable":true,"href":"https:\/\/www.europesays.com\/nl\/wp-json\/wp\/v2\/media\/107359"}],"wp:attachment":[{"href":"https:\/\/www.europesays.com\/nl\/wp-json\/wp\/v2\/media?parent=107358"}],"wp:term":[{"taxonomy":"category","embeddable":true,"href":"https:\/\/www.europesays.com\/nl\/wp-json\/wp\/v2\/categories?post=107358"},{"taxonomy":"post_tag","embeddable":true,"href":"https:\/\/www.europesays.com\/nl\/wp-json\/wp\/v2\/tags?post=107358"}],"curies":[{"name":"wp","href":"https:\/\/api.w.org\/{rel}","templated":true}]}}