{"id":107605,"date":"2026-01-09T21:01:12","date_gmt":"2026-01-09T21:01:12","guid":{"rendered":"https:\/\/www.europesays.com\/nl\/107605\/"},"modified":"2026-01-09T21:01:12","modified_gmt":"2026-01-09T21:01:12","slug":"eigenaar-cafe-in-crans-montana-gearresteerd-vanwege-vluchtrisico","status":"publish","type":"post","link":"https:\/\/www.europesays.com\/nl\/107605\/","title":{"rendered":"Eigenaar caf\u00e9 in Crans-Montana gearresteerd vanwege vluchtrisico"},"content":{"rendered":"<p>De eigenaar van caf\u00e9 Le Constellation in het Zwitserse Crans-Montana is vrijdag aangehouden vanwege mogelijk vluchtgevaar. Dat schrijven persbureau AFP en de Zwitserse krant 24 Heures op basis van anonieme bronnen. In Le Constellation kwamen op Oudjaarsavond veertig mensen om het leven door een hevige brand, 119 mensen raakten gewond.<\/p>\n<p>Het echtpaar dat gezamenlijk eigenaar is van het caf\u00e9 werd vrijdag meer dan zes uur lang ondervraagd door het openbaar ministerie van Sion in het kanton Wallis, aldus AFP. Daarop is besloten de man, Jacques M., te arresteren vanwege vluchtgevaar. M. is een Corsicaan en heeft het Franse staatsburgerschap, en is in het verleden veel van woonplaats gewisseld \u2013\u00a0hij heeft gewerkt op Corsica, in de Franse regio Haute-Savoie en in Zwitserland, <a href=\"https:\/\/www.24heures.ch\/crans-montana-le-patron-du-constellation-place-en-detention-365745170209\" rel=\"nofollow noopener\" target=\"_blank\">schrijft<\/a> 24 Heures.<\/p>\n<p>Eerder weigerde het openbaar ministerie juist de 49-jarige M. te arresteren. Op 4 januari <a href=\"https:\/\/www.policevalais.ch\/communiques-pour-les-medias\/crans-montana-point-sur-lenquete\/\" rel=\"nofollow noopener\" target=\"_blank\">schreef de lokale politie<\/a> nog dat de verdachten niet gearresteerd zouden worden, omdat \u201eniet aan de criteria voor voorlopige hechtenis is voldaan\u201d. Ook zou er \u201egeen vermoeden\u201d bestaan dat de verdachten van plan waren te vluchten.<\/p>\n<p>Dinsdag werd duidelijk dat er bij Le Constellation sinds 2019 geen brandveiligheidscontrole meer is uitgevoerd. Volgens burgemeester van Crans-Montana Nicolas F\u00e9raud horen horecagelegenheden zoals de bar jaarlijks ge\u00efnspecteerd te worden. Waarom dat bij Le Constellation niet gebeurd is, heeft F\u00e9raud niet gezegd. Bij de laatste inspectie in 2019 werden geen veiligheidsproblemen geconstateerd.<\/p>\n<p><a class=\"dmt-article-suggestion\" href=\"https:\/\/www.nrc.nl\/nieuws\/2026\/01\/04\/muisstil-crans-montana-probeert-het-leven-weer-op-te-pakken-verschrikkelijk-wat-er-is-gebeurd-we-zullen-er-aan-moeten-wennen-a4916774\" rel=\"nofollow noopener\" target=\"_blank\"><\/p>\n<p>\n\t\t\t\tLees ook\n\t\t\t<\/p>\n<p>Muisstil Crans-Montana probeert het leven weer op te pakken: \u2018Verschrikkelijk wat er is gebeurd, we zullen er aan moeten wennen\u2019<\/p>\n<p><img decoding=\"async\" alt=\"Mensen lopen zondag langs een gedenkplaats met bloemen en kaarsen nabij bar Le Constellation in het Zwitserse Crans-Montana.\" class=\"dmt-article-suggestion__image\" src=\"https:\/\/www.europesays.com\/nl\/wp-content\/uploads\/2026\/01\/040126WEE_2028686611_2.jpg\"\/><br \/>\n<\/a><\/p>\n<p>Geef cadeau<\/p>\n<p>Deel<\/p>\n<p>Mail de redactie<\/p>\n<p><a aria-label=\"The Trust Project, lees meer over de journalistieke principes van NRC\" class=\"trust__message\" href=\"http:\/\/www.nrc.nl\/over-ons\/#principes\" rel=\"nofollow noopener\" target=\"_blank\"><\/p>\n<p>\tDe journalistieke principes van NRC<br \/>\n<\/a> <\/p>\n","protected":false},"excerpt":{"rendered":"De eigenaar van caf\u00e9 Le Constellation in het Zwitserse Crans-Montana is vrijdag aangehouden vanwege mogelijk vluchtgevaar. Dat schrijven&hellip;\n","protected":false},"author":2,"featured_media":107606,"comment_status":"","ping_status":"","sticky":false,"template":"","format":"standard","meta":{"footnotes":""},"categories":[5],"tags":[39,40,48,43,44,34,35,41,42,46,47,49,45,32,33,50,36,37,38],"class_list":{"0":"post-107605","1":"post","2":"type-post","3":"status-publish","4":"format-standard","5":"has-post-thumbnail","7":"category-hoofdpunten","8":"tag-breaking-news","9":"tag-breakingnews","10":"tag-dutch","11":"tag-featured-news","12":"tag-featurednews","13":"tag-headlines","14":"tag-hoofdpunten","15":"tag-latest-news","16":"tag-latestnews","17":"tag-nederland","18":"tag-nederlanden","19":"tag-nederlands","20":"tag-netherlands","21":"tag-news","22":"tag-nieuws","23":"tag-nl","24":"tag-top-stories","25":"tag-topstories","26":"tag-voorpaginanieuws"},"share_on_mastodon":{"url":"https:\/\/pubeurope.com\/@nl\/115867161989953066","error":""},"_links":{"self":[{"href":"https:\/\/www.europesays.com\/nl\/wp-json\/wp\/v2\/posts\/107605","targetHints":{"allow":["GET"]}}],"collection":[{"href":"https:\/\/www.europesays.com\/nl\/wp-json\/wp\/v2\/posts"}],"about":[{"href":"https:\/\/www.europesays.com\/nl\/wp-json\/wp\/v2\/types\/post"}],"author":[{"embeddable":true,"href":"https:\/\/www.europesays.com\/nl\/wp-json\/wp\/v2\/users\/2"}],"replies":[{"embeddable":true,"href":"https:\/\/www.europesays.com\/nl\/wp-json\/wp\/v2\/comments?post=107605"}],"version-history":[{"count":0,"href":"https:\/\/www.europesays.com\/nl\/wp-json\/wp\/v2\/posts\/107605\/revisions"}],"wp:featuredmedia":[{"embeddable":true,"href":"https:\/\/www.europesays.com\/nl\/wp-json\/wp\/v2\/media\/107606"}],"wp:attachment":[{"href":"https:\/\/www.europesays.com\/nl\/wp-json\/wp\/v2\/media?parent=107605"}],"wp:term":[{"taxonomy":"category","embeddable":true,"href":"https:\/\/www.europesays.com\/nl\/wp-json\/wp\/v2\/categories?post=107605"},{"taxonomy":"post_tag","embeddable":true,"href":"https:\/\/www.europesays.com\/nl\/wp-json\/wp\/v2\/tags?post=107605"}],"curies":[{"name":"wp","href":"https:\/\/api.w.org\/{rel}","templated":true}]}}