{"id":107762,"date":"2026-01-10T00:40:25","date_gmt":"2026-01-10T00:40:25","guid":{"rendered":"https:\/\/www.europesays.com\/nl\/107762\/"},"modified":"2026-01-10T00:40:25","modified_gmt":"2026-01-10T00:40:25","slug":"wiklund-grijpt-europese-titel-3-000-meter-in-baanrecord-brons-voor-in-t-hof","status":"publish","type":"post","link":"https:\/\/www.europesays.com\/nl\/107762\/","title":{"rendered":"Wiklund grijpt Europese titel 3.000 meter in baanrecord, brons voor In &#8217;t Hof"},"content":{"rendered":"<p>NOS Schaatsen\u2022gisteren, 19:42\u2022Aangepast gisteren, 21:14<\/p>\n<p><img alt=\"\" decoding=\"async\" loading=\"lazy\" src=\"https:\/\/www.europesays.com\/nl\/wp-content\/uploads\/2026\/01\/1768005623_803_1024x576a.jpg\" class=\"sc-35032481-1 jENweF\"\/><\/p>\n<p>Wiklund grijpt Europese titel 3.000 meter in baanrecord, brons voor In &#8217;t Hof<\/p>\n<p class=\"sc-2ea02837-0 fedhGB\" id=\"539168483824726\">Ragne Wiklund heeft de Europese titel op de 3.000 meter veroverd. In het Poolse Tomasz\u00f3w was de 25-jarige Noorse met een tijd van 4.00,54 &#8211; een baanrecord &#8211; de snelste. Sanne in &#8217;t Hof pakte brons (4.05,91), haar eerste internationale medaille. Het zilver was voor de Belgische Sandrine Tas (4.05,26).<\/p>\n<p class=\"sc-2ea02837-0 fedhGB\" id=\"778671841432359\">Wiklund, die in 2023 al eens wereldkampioen drie kilometer werd, gold bij afwezigheid van onder andere de Nederlandse olympi\u00ebrs als een van de grote favorieten. Ze eindigde dit seizoen al drie keer op het podium: twee keer brons en een keer zilver.<\/p>\n<p class=\"sc-2ea02837-0 fedhGB\" id=\"472247387145964\">Op het Poolse ijs ging Wiklund heel hard van start en zat al snel ruim onder haar eigen baanrecord. In de slotronde kreeg ze het zwaar, maar knokte ze zich alsnog naar de winnende tijd. Ze scherpte het baanrecord met ruim twee seconden aan.<\/p>\n<p>Vlakke rit In &#8217;t Hof<\/p>\n<p class=\"sc-2ea02837-0 fedhGB\" id=\"77601571859129\">In &#8217;t Hof, die zich twee weken geleden tot haar eigen teleurstelling niet wist te plaatsen voor de Olympische Spelen, reed een vlakke race. Ze hield het verval in rondetijden beperkt, maar zag in de ritten na haar nog twee schaatssters een snellere tijd klokken.<\/p>\n<p><img alt=\"\" decoding=\"async\" loading=\"lazy\" src=\"https:\/\/www.europesays.com\/nl\/wp-content\/uploads\/2026\/01\/1768005623_669_1024x576a.jpg\" class=\"sc-35032481-1 jENweF\"\/><\/p>\n<p>In &#8217;t Hof pakt na teleurstelling op OKT brons op EK: &#8216;Had gewoon meer rust&#8217;<\/p>\n<p class=\"sc-2ea02837-0 fedhGB\" id=\"355902535147979\">In de eerste ritten kwamen al twee Nederlandse schaatssters in actie: Gioya Lancee en Evelien Vijn. Lancee klokte bij haar debuut in een internationale wedstrijd voor senioren 4.13,28, Vijn dook daar een rit later onder met 4.12,83. Ze eindigden als zevende en achtste.<\/p>\n<p>Val op teamsprint<\/p>\n<p class=\"sc-2ea02837-0 fedhGB\" id=\"3786249212146\">Eerder op de avond grepen de Nederlandse teamsprintsters naast de medailles. Isabel Grevelt gleed onderuit, waardoor het trio met verder Anna Boersma en Naomi Verkerk de finish niet haalde.<\/p>\n<p class=\"sc-2ea02837-0 fedhGB\" id=\"723269551267136\">De Europese titel ging naar Polen, dat met Martyna Baran, And\u017celika W\u00f3jcik en Iga Wojtasik aantrad. Belgi\u00eb pakte zilver, Duitsland greep het brons. Niet veel landen brachten deze EK een ploeg op de been voor de teamsprint. Slechts vier landen deden mee.<\/p>\n<p><img alt=\"\" decoding=\"async\" loading=\"lazy\" src=\"https:\/\/www.europesays.com\/nl\/wp-content\/uploads\/2026\/01\/1768005624_680_1024x576a.jpg\" class=\"sc-35032481-1 jENweF\"\/><\/p>\n<p>Grevelt in tranen na valpartij op teamsprint: &#8216;Altijd spannend onderdeel&#8217;<\/p>\n<p class=\"sc-2ea02837-0 fedhGB\" id=\"626362314334384\">Nederland reed in de eerste rit tegen de Belgen, die voor de EK nooit eerder op internationaal niveau een teamsprint hadden gereden. Boersma was de startschaatsster voor Nederland en had een prima opening in huis, maar in de ronde daarna was het al klaar. Grevelt zat achter Verkerk op het moment dat ze hard onderuitging.<\/p>\n<p class=\"sc-2ea02837-0 fedhGB\" id=\"743860593306093\">Nederland pakte twee jaar geleden, bij de vorige EK afstanden, de Europese titel op de teamsprint. Toen bestond de Nederlandse sprintploeg uit Femke Kok, Marrit Fledderus en Antoinette Rijpma-de Jong.<\/p>\n<ul data-sentry-element=\"Slides\" data-sentry-source-file=\"Carousel.tsx\" class=\"sc-e4f6708-5 hWPyLG\">\n<li data-testid=\"carousel-slide\" class=\"sc-e4f6708-0 gBookv\"><img alt=\"\" decoding=\"async\" loading=\"lazy\" src=\"https:\/\/www.europesays.com\/nl\/wp-content\/uploads\/2026\/01\/1767889692_243_576x576a.jpg\" class=\"sc-bcb3b750-1 cULYcE\"\/>NOSHet EK-programma op zaterdag<\/li>\n<li data-testid=\"carousel-slide\" class=\"sc-e4f6708-0 gBookv\"><img alt=\"\" decoding=\"async\" loading=\"lazy\" src=\"https:\/\/www.europesays.com\/nl\/wp-content\/uploads\/2026\/01\/1767889692_331_576x576a.jpg\" class=\"sc-bcb3b750-1 cULYcE\"\/>NOSHet EK-programma op zondag<\/li>\n<\/ul>\n<p>Vorige slide<\/p>\n<p>Volgende slide<\/p>\n<p class=\"sc-2ea02837-0 fedhGB\" id=\"689757671569367\">Bij de EK afstanden ontbreken vrijwel alle Nederlandse olympi\u00ebrs, zij verkiezen een trainingskamp boven de Europese titelstrijd. Alleen sprintster Boersma reisde af naar Polen. Naast de teamsprint komt zij dit weekend ook nog in actie op de 500 meter, de afstand waarop ze zich kwalificeerde voor Milaan, en de 1.000 meter.<\/p>\n<p class=\"sc-2ea02837-0 fedhGB\" id=\"165716668952548\">Voor de vrouwen staat vrijdagavond nog de 3.000 meter op het programma. Regerend Europees kampioen Marijke Groenewoud is er niet bij, de Noorse Ragne Wiklund en de Italiaanse Francesca Lollobrigida gelden bij haar afwezigheid als favorieten.<\/p>\n","protected":false},"excerpt":{"rendered":"NOS Schaatsen\u2022gisteren, 19:42\u2022Aangepast gisteren, 21:14 Wiklund grijpt Europese titel 3.000 meter in baanrecord, brons voor In &#8217;t Hof&hellip;\n","protected":false},"author":2,"featured_media":107763,"comment_status":"","ping_status":"","sticky":false,"template":"","format":"standard","meta":{"footnotes":""},"categories":[21],"tags":[48,23171,46,47,49,45,50,4189,92,91],"class_list":{"0":"post-107762","1":"post","2":"type-post","3":"status-publish","4":"format-standard","5":"has-post-thumbnail","7":"category-sport","8":"tag-dutch","9":"tag-ek-afstanden","10":"tag-nederland","11":"tag-nederlanden","12":"tag-nederlands","13":"tag-netherlands","14":"tag-nl","15":"tag-schaatsen","16":"tag-sport","17":"tag-sports"},"share_on_mastodon":{"url":"https:\/\/pubeurope.com\/@nl\/115868023096945274","error":""},"_links":{"self":[{"href":"https:\/\/www.europesays.com\/nl\/wp-json\/wp\/v2\/posts\/107762","targetHints":{"allow":["GET"]}}],"collection":[{"href":"https:\/\/www.europesays.com\/nl\/wp-json\/wp\/v2\/posts"}],"about":[{"href":"https:\/\/www.europesays.com\/nl\/wp-json\/wp\/v2\/types\/post"}],"author":[{"embeddable":true,"href":"https:\/\/www.europesays.com\/nl\/wp-json\/wp\/v2\/users\/2"}],"replies":[{"embeddable":true,"href":"https:\/\/www.europesays.com\/nl\/wp-json\/wp\/v2\/comments?post=107762"}],"version-history":[{"count":0,"href":"https:\/\/www.europesays.com\/nl\/wp-json\/wp\/v2\/posts\/107762\/revisions"}],"wp:featuredmedia":[{"embeddable":true,"href":"https:\/\/www.europesays.com\/nl\/wp-json\/wp\/v2\/media\/107763"}],"wp:attachment":[{"href":"https:\/\/www.europesays.com\/nl\/wp-json\/wp\/v2\/media?parent=107762"}],"wp:term":[{"taxonomy":"category","embeddable":true,"href":"https:\/\/www.europesays.com\/nl\/wp-json\/wp\/v2\/categories?post=107762"},{"taxonomy":"post_tag","embeddable":true,"href":"https:\/\/www.europesays.com\/nl\/wp-json\/wp\/v2\/tags?post=107762"}],"curies":[{"name":"wp","href":"https:\/\/api.w.org\/{rel}","templated":true}]}}