{"id":107801,"date":"2026-01-10T01:56:12","date_gmt":"2026-01-10T01:56:12","guid":{"rendered":"https:\/\/www.europesays.com\/nl\/107801\/"},"modified":"2026-01-10T01:56:12","modified_gmt":"2026-01-10T01:56:12","slug":"waarom-kate-middleton-gebroken-was-op-haar-27e-verjaardag","status":"publish","type":"post","link":"https:\/\/www.europesays.com\/nl\/107801\/","title":{"rendered":"Waarom Kate Middleton &#8216;gebroken&#8217; was op haar 27e verjaardag"},"content":{"rendered":"<p data-journey-content=\"true\" data-node-id=\"1\" class=\"css-6wxqfj emevuu60\"><a href=\"https:\/\/www.elle.com\/nl\/kate-middleton\/\" target=\"_blank\" data-vars-ga-outbound-link=\"https:\/\/www.elle.com\/nl\/kate-middleton\/\" data-vars-ga-ux-element=\"Hyperlink\" data-vars-ga-call-to-action=\"Kate Middleton\" data-node-id=\"1.0.0\" class=\"body-link css-103hk4r emevuu60\" rel=\"nofollow noopener\">Kate Middleton<\/a> viert vandaag <a href=\"https:\/\/www.elle.com\/nl\/lifestyle\/lifestyle-nieuws\/a69954621\/kate-middleton-verjaardag-instagram-video\/\" target=\"_blank\" data-vars-ga-outbound-link=\"https:\/\/www.elle.com\/nl\/lifestyle\/lifestyle-nieuws\/a69954621\/kate-middleton-verjaardag-instagram-video\/\" data-vars-ga-ux-element=\"Hyperlink\" data-vars-ga-call-to-action=\"haar 44e verjaardag\" data-node-id=\"1.2\" class=\"body-link css-103hk4r emevuu60\" rel=\"nofollow noopener\">haar 44e verjaardag<\/a> \u2013 en hoewel ze door de jaren heen ongetwijfeld heel wat memorabele verjaardagen heeft gehad, lijkt haar 27e een minder grote glimlach op te roepen \u2013 volgens auteur Katie Nicholl. En dat heeft te maken met d\u00e9ze beslissing van <a href=\"https:\/\/www.elle.com\/nl\/prins-william\/\" target=\"_blank\" data-vars-ga-outbound-link=\"https:\/\/www.elle.com\/nl\/prins-william\/\" data-vars-ga-ux-element=\"Hyperlink\" data-vars-ga-call-to-action=\"prins William\" data-node-id=\"1.6.1\" class=\"body-link css-103hk4r emevuu60\" rel=\"nofollow noopener\">prins William<\/a> destijds. <\/p>\n<p data-journey-content=\"true\" data-node-id=\"5\" class=\"css-6wxqfj emevuu60\">De auteur schreef er eerder al over in <a href=\"https:\/\/www.bol.com\/nl\/nl\/p\/kate\/9200000026338972\/?cid=1767962322483-6616970690291&amp;bltgh=2840acd4-3474-48ee-9c85-edab382dd4bd.ProductList_Middle.0.ProductImage\" target=\"_blank\" data-vars-ga-outbound-link=\"https:\/\/www.bol.com\/nl\/nl\/p\/kate\/9200000026338972\/?cid=1767962322483-6616970690291&amp;bltgh=2840acd4-3474-48ee-9c85-edab382dd4bd.ProductList_Middle.0.ProductImage\" data-vars-ga-ux-element=\"Hyperlink\" data-vars-ga-call-to-action=\"het boek Kate: The Future Queen\" data-vars-ga-product-id=\"a736b9bd-158b-4635-ac35-92da2b62afc9\" rel=\"nofollow noopener\" data-node-id=\"5.1\" class=\"body-link product-links css-103hk4r emevuu60\">het boek Kate: The Future Queen<\/a>, en dit was de exacte reden dat Kate &#8216;gebroken&#8217; was op haar verjaardag destijds. <\/p>\n<p>Waarom Kate &#8216;gebroken&#8217; was op haar 27e verjaardag <\/p>\n<p id=\"waarom-kate-gebroken-was-op-haar-27e-verjaardag\" data-journey-content=\"true\" data-node-id=\"8\" class=\"body-text css-6wxqfj emevuu60\"><a href=\"https:\/\/www.elle.com\/nl\/lifestyle\/lifestyle-nieuws\/a69944910\/speculatie-breuk-william-kate-middleton\/\" target=\"_blank\" data-vars-ga-outbound-link=\"https:\/\/www.elle.com\/nl\/lifestyle\/lifestyle-nieuws\/a69944910\/speculatie-breuk-william-kate-middleton\/\" data-vars-ga-ux-element=\"Hyperlink\" data-vars-ga-call-to-action=\"Kate en William\" data-node-id=\"8.0.0\" class=\"body-link css-103hk4r emevuu60\" rel=\"nofollow noopener\">Kate en William<\/a> leerden elkaar in 2001 kennen, toen ze beiden studenten waren aan de St. Andrews universiteit in Schotland. Enkele jaren later begonnen ze met daten en een aantal jaar daarna dacht Kate, zo rond haar 27e, dat &#8216;de vraag&#8217; er wel aan zat te komen. Al bleek dat niet helemaal zo te zijn. <\/p>\n<p data-journey-content=\"true\" data-node-id=\"12\" class=\"css-6wxqfj emevuu60\">Want in plaats daarvan bracht William het nieuws dat hij bij de RAF ging \u2013 wat een lange afstandsrelatie voor de twee betekende en geen trouwring&#8230; Waarover Katie Nicholl in <a href=\"https:\/\/www.bol.com\/nl\/nl\/p\/kate\/9200000026338972\/?cid=1767962322483-6616970690291&amp;bltgh=2840acd4-3474-48ee-9c85-edab382dd4bd.ProductList_Middle.0.ProductImage\" target=\"_blank\" data-vars-ga-outbound-link=\"https:\/\/www.bol.com\/nl\/nl\/p\/kate\/9200000026338972\/?cid=1767962322483-6616970690291&amp;bltgh=2840acd4-3474-48ee-9c85-edab382dd4bd.ProductList_Middle.0.ProductImage\" data-vars-ga-ux-element=\"Hyperlink\" data-vars-ga-call-to-action=\"haar boek\" data-vars-ga-product-id=\"a736b9bd-158b-4635-ac35-92da2b62afc9\" rel=\"nofollow noopener\" data-node-id=\"12.3\" class=\"body-link product-links css-103hk4r emevuu60\">haar boek<\/a> schreef: &#8216;Door die ene beslissing werd het leven van Kate volledig op zijn kop gezet. Ze had een huwelijksaanzoek verwacht zodra William zijn militaire training had afgerond, maar in plaats daarvan moest ze accepteren dat er voorlopig geen verloving zou komen. Kate zou nog langer moeten wachten&#8217;, via <a href=\"https:\/\/www.walesonline.co.uk\/news\/uk-news\/kate-middleton-left-crushed-after-33186305\" target=\"_blank\" data-vars-ga-outbound-link=\"https:\/\/www.walesonline.co.uk\/news\/uk-news\/kate-middleton-left-crushed-after-33186305\" data-vars-ga-ux-element=\"Hyperlink\" data-vars-ga-call-to-action=\"WalesOnline\" data-node-id=\"12.7.0\" class=\"body-link css-103hk4r emevuu60\" rel=\"nofollow noopener\">WalesOnline<\/a>. <\/p>\n<p data-journey-content=\"true\" data-node-id=\"14\" class=\"css-6wxqfj emevuu60\">Gevolgd door: &#8216;Voor Kate was het een stap terug. Het leek alsof iedereen trouwde, behalve zij. Naarmate haar 27e verjaardag naderde, leek Kate&#8217;s plan om voor haar dertigste getrouwd te zijn en kinderen te hebben steeds onwaarschijnlijker.&#8217; Ze kreeg daarna ook nog eens in de Britse pers de gemene bijnaam &#8216;Waity Katie&#8217;&#8230; Oef. <\/p>\n<p>Eind goed, al goed  <\/p>\n<p data-journey-content=\"true\" data-node-id=\"17\" class=\"css-6wxqfj emevuu60\">Ok\u00e9, Kate Middleton moest dan wellicht iets langer wachten dan ze had gedacht voordat William op \u00e9\u00e9n knie ging, maar in 2010 kwam dan echt de vraag. Na een volmondige ja <a href=\"https:\/\/www.elle.com\/nl\/lifestyle\/g36229350\/kate-middleton-prins-william-trouwdag\/\" target=\"_blank\" data-vars-ga-outbound-link=\"https:\/\/www.elle.com\/nl\/lifestyle\/g36229350\/kate-middleton-prins-william-trouwdag\/\" data-vars-ga-ux-element=\"Hyperlink\" data-vars-ga-call-to-action=\"trouwden de twee\" data-node-id=\"17.3\" class=\"body-link css-103hk4r emevuu60\" rel=\"nofollow noopener\">trouwden de twee<\/a> het jaar erna in Westminster Abbey \u2013 waarna ze drie kinderen kregen samen: George, Charlotte en Louis. <\/p>\n<p>Lees ook<\/p>\n","protected":false},"excerpt":{"rendered":"Kate Middleton viert vandaag haar 44e verjaardag \u2013 en hoewel ze door de jaren heen ongetwijfeld heel wat&hellip;\n","protected":false},"author":2,"featured_media":107802,"comment_status":"","ping_status":"","sticky":false,"template":"","format":"standard","meta":{"footnotes":""},"categories":[31],"tags":[99,147,1536,48,98,23240,1814,23241,23242,23243,23176,23239,46,47,49,45,32,50,1540],"class_list":{"0":"post-107801","1":"post","2":"type-post","3":"status-publish","4":"format-standard","5":"has-post-thumbnail","7":"category-celebrities","8":"tag-amusement","9":"tag-celebrities","10":"tag-celebrity","11":"tag-dutch","12":"tag-entertainment","13":"tag-huwelijksaanzoek-prins-william-en-kate-middleton","14":"tag-kate-middleton","15":"tag-kate-middleton-27e-verjaardag","16":"tag-kate-middleton-gebroken-27e-verjaardag","17":"tag-kate-middleton-jarig","18":"tag-kate-middleton-verjaardag","19":"tag-kate-the-future-queen-boek-katie-nicholl","20":"tag-nederland","21":"tag-nederlanden","22":"tag-nederlands","23":"tag-netherlands","24":"tag-news","25":"tag-nl","26":"tag-royals"},"share_on_mastodon":{"url":"https:\/\/pubeurope.com\/@nl\/115868321910920628","error":""},"_links":{"self":[{"href":"https:\/\/www.europesays.com\/nl\/wp-json\/wp\/v2\/posts\/107801","targetHints":{"allow":["GET"]}}],"collection":[{"href":"https:\/\/www.europesays.com\/nl\/wp-json\/wp\/v2\/posts"}],"about":[{"href":"https:\/\/www.europesays.com\/nl\/wp-json\/wp\/v2\/types\/post"}],"author":[{"embeddable":true,"href":"https:\/\/www.europesays.com\/nl\/wp-json\/wp\/v2\/users\/2"}],"replies":[{"embeddable":true,"href":"https:\/\/www.europesays.com\/nl\/wp-json\/wp\/v2\/comments?post=107801"}],"version-history":[{"count":0,"href":"https:\/\/www.europesays.com\/nl\/wp-json\/wp\/v2\/posts\/107801\/revisions"}],"wp:featuredmedia":[{"embeddable":true,"href":"https:\/\/www.europesays.com\/nl\/wp-json\/wp\/v2\/media\/107802"}],"wp:attachment":[{"href":"https:\/\/www.europesays.com\/nl\/wp-json\/wp\/v2\/media?parent=107801"}],"wp:term":[{"taxonomy":"category","embeddable":true,"href":"https:\/\/www.europesays.com\/nl\/wp-json\/wp\/v2\/categories?post=107801"},{"taxonomy":"post_tag","embeddable":true,"href":"https:\/\/www.europesays.com\/nl\/wp-json\/wp\/v2\/tags?post=107801"}],"curies":[{"name":"wp","href":"https:\/\/api.w.org\/{rel}","templated":true}]}}