{"id":107832,"date":"2026-01-10T04:10:10","date_gmt":"2026-01-10T04:10:10","guid":{"rendered":"https:\/\/www.europesays.com\/nl\/107832\/"},"modified":"2026-01-10T04:10:10","modified_gmt":"2026-01-10T04:10:10","slug":"ajax-zwaait-speler-met-slechts-8-duels-uit-en-bedingt-optie-tot-koop","status":"publish","type":"post","link":"https:\/\/www.europesays.com\/nl\/107832\/","title":{"rendered":"Ajax zwaait speler met slechts 8 duels uit en bedingt optie tot koop"},"content":{"rendered":"<p>Ajax en Rosario Central hebben een akkoord bereikt over de verhuurperiode van Gast\u00f3n \u00c1vila. De linksback keert per direct terug naar Argentini\u00eb en zal daar tot het einde van dit kalenderjaar blijven. In de huurdeal is een optie tot koop opgenomen, zo benadrukt Ajax op zijn website.\u00a0<\/p>\n<p>\u00c1vila werd medio 2023 overgenomen van Royal Antwerp FC. Ajax betaalde destijds een minimaal bedrag van 12,5 miljoen euro voor de Argentijnse verdediger, die in Amsterdam een contract tot de zomer van 2028 tekende.<\/p>\n<p>De vleugelverdediger wist bij Ajax nooit door te breken en werd vorig jaar verhuurd aan het Braziliaanse Fortaleza. Hij verlaat de Amsterdamse club met slechts acht optredens achter zijn naam.<\/p>\n<p>&#8221;Door blessureleed heeft Gaston in het eerste elftal van Ajax slechts acht offici\u00eble wedstrijden kunnen spelen. Mede daardoor heeft hij zich helaas niet structureel kunnen laten zien&#8221;, zo verklaart directeur voetbalzaken Marijn Beuker op de website van Ajax.<\/p>\n<p>&#8221;Op dit moment is er voor hem geen perspectief op speeltijd bij ons, waardoor een nieuwe verhuur voor alle partijen de beste oplossing is. Wij hebben Gaston veel succes gewenst bij zijn oude club in Argentini\u00eb&#8221;, voegt de technisch bestuurder van de Amsterdammers daaraan toe.<\/p>\n<p>Even leek \u00c1vila op weg naar S\u00e3o Paulo, maar de oud-speler van onder meer Royal Antwerp trok zelf de stekker uit de deal omdat hij graag wilde terugkeren naar zijn geboorteland Argentini\u00eb. \u00a0<\/p>\n<p>In juni vorig jaar gaf \u00c1vila in gesprek met het Argentijnse medium Radio 2 al aan dat hij dolgraag zou willen terugkeren naar Rosario Central, de club waar het voor hem allemaal begon.<\/p>\n","protected":false},"excerpt":{"rendered":"Ajax en Rosario Central hebben een akkoord bereikt over de verhuurperiode van Gast\u00f3n \u00c1vila. De linksback keert per&hellip;\n","protected":false},"author":2,"featured_media":101348,"comment_status":"","ping_status":"","sticky":false,"template":"","format":"standard","meta":{"footnotes":""},"categories":[21],"tags":[166,48,46,47,49,45,50,92,91,605],"class_list":{"0":"post-107832","1":"post","2":"type-post","3":"status-publish","4":"format-standard","5":"has-post-thumbnail","7":"category-sport","8":"tag-ajax","9":"tag-dutch","10":"tag-nederland","11":"tag-nederlanden","12":"tag-nederlands","13":"tag-netherlands","14":"tag-nl","15":"tag-sport","16":"tag-sports","17":"tag-transfers"},"share_on_mastodon":{"url":"https:\/\/pubeurope.com\/@nl\/115868848780909991","error":""},"_links":{"self":[{"href":"https:\/\/www.europesays.com\/nl\/wp-json\/wp\/v2\/posts\/107832","targetHints":{"allow":["GET"]}}],"collection":[{"href":"https:\/\/www.europesays.com\/nl\/wp-json\/wp\/v2\/posts"}],"about":[{"href":"https:\/\/www.europesays.com\/nl\/wp-json\/wp\/v2\/types\/post"}],"author":[{"embeddable":true,"href":"https:\/\/www.europesays.com\/nl\/wp-json\/wp\/v2\/users\/2"}],"replies":[{"embeddable":true,"href":"https:\/\/www.europesays.com\/nl\/wp-json\/wp\/v2\/comments?post=107832"}],"version-history":[{"count":0,"href":"https:\/\/www.europesays.com\/nl\/wp-json\/wp\/v2\/posts\/107832\/revisions"}],"wp:featuredmedia":[{"embeddable":true,"href":"https:\/\/www.europesays.com\/nl\/wp-json\/wp\/v2\/media\/101348"}],"wp:attachment":[{"href":"https:\/\/www.europesays.com\/nl\/wp-json\/wp\/v2\/media?parent=107832"}],"wp:term":[{"taxonomy":"category","embeddable":true,"href":"https:\/\/www.europesays.com\/nl\/wp-json\/wp\/v2\/categories?post=107832"},{"taxonomy":"post_tag","embeddable":true,"href":"https:\/\/www.europesays.com\/nl\/wp-json\/wp\/v2\/tags?post=107832"}],"curies":[{"name":"wp","href":"https:\/\/api.w.org\/{rel}","templated":true}]}}