{"id":107879,"date":"2026-01-10T07:43:10","date_gmt":"2026-01-10T07:43:10","guid":{"rendered":"https:\/\/www.europesays.com\/nl\/107879\/"},"modified":"2026-01-10T07:43:10","modified_gmt":"2026-01-10T07:43:10","slug":"oppositieleider-venezuela-wil-erkenning-als-verkiezingswinnaar","status":"publish","type":"post","link":"https:\/\/www.europesays.com\/nl\/107879\/","title":{"rendered":"Oppositieleider Venezuela wil erkenning als verkiezingswinnaar"},"content":{"rendered":"<p>Die uitslag werd dan ook verworpen door onder meer de Verenigde Staten en de Europese Unie. De toenmalige Amerikaanse regering erkende Gonz\u00e1lez als winnaar. De VS, nu onder leiding van Donald Trump, namen Maduro bijna een week geleden bij een aanval op Venezuela gevangen. Trump verklaarde dat de VS Venezuela zullen &#8216;runnen&#8217;.<\/p>\n<p>In Venezuela is Maduro&#8217;s vicepresident Delcy Rodr\u00edguez inmiddels interim-president geworden. De VS steunen Rodr\u00edguez, zolang de regering in hoofdstad Caracas meewerkt en Washington toegang geeft tot de grote oliereserves van het land.<\/p>\n<p>&#8220;Democratische wederopbouw in Venezuela hangt af van de expliciete erkenning van het verkiezingsresultaat van juli 2024&#8221;, stelt Gonz\u00e1lez. Dat zei hij volgens zijn persteam telefonisch tegen de Spaanse premier Pedro S\u00e1nchez. Gonz\u00e1lez Urrutia vluchtte na de verkiezingen met hulp van de Nederlandse ambassade in Caracas naar Spanje.<\/p>\n<p> Vrijlating gevangenen <\/p>\n<p>De politicus verklaarde eerder &#8216;zielsgelukkig&#8217; te zijn met de vrijlating van een groep gevangenen in Venezuela. Vandaag werd bekendgemaakt dat Venezolaanse en buitenlandse gedetineerden vrijkomen als gebaar van goede wil. Gonz\u00e1lez zei tegen S\u00e1nchez ook dat &#8216;echte politieke veranderingen ingewikkeld zijn en niet kunnen worden teruggebracht tot halve gebaren&#8217;.<\/p>\n<p>Spanje wil &#8216;in deze nieuwe fase&#8217; helpen om de partijen in Venezuela dichter tot elkaar te brengen, aldus S\u00e1nchez op X. Hij laat weten deze boodschap te hebben overgebracht aan Rodr\u00edguez en Gonz\u00e1lez.<\/p>\n<p>Nu president Maduro is gevangen, lijkt Trump alweer z&#8217;n grenzen te verleggen. Hij heeft het over de &#8216;Donroe-doctrine&#8217;. Het lijkt er vooral op dat hij Latijns-Amerika, de &#8216;achtertuin&#8217; van de VS, naar zijn hand wil zetten. Hoe hij dat wil doen, leggen we uit in onderstaande video:<\/p>\n","protected":false},"excerpt":{"rendered":"Die uitslag werd dan ook verworpen door onder meer de Verenigde Staten en de Europese Unie. De toenmalige&hellip;\n","protected":false},"author":2,"featured_media":107880,"comment_status":"","ping_status":"","sticky":false,"template":"","format":"standard","meta":{"footnotes":""},"categories":[15],"tags":[39,40,48,43,44,34,35,41,42,46,47,49,45,32,33,50,36,37,210,38,67,64,65,66],"class_list":{"0":"post-107879","1":"post","2":"type-post","3":"status-publish","4":"format-standard","5":"has-post-thumbnail","7":"category-wereld","8":"tag-breaking-news","9":"tag-breakingnews","10":"tag-dutch","11":"tag-featured-news","12":"tag-featurednews","13":"tag-headlines","14":"tag-hoofdpunten","15":"tag-latest-news","16":"tag-latestnews","17":"tag-nederland","18":"tag-nederlanden","19":"tag-nederlands","20":"tag-netherlands","21":"tag-news","22":"tag-nieuws","23":"tag-nl","24":"tag-top-stories","25":"tag-topstories","26":"tag-venezuela","27":"tag-voorpaginanieuws","28":"tag-wereld","29":"tag-world","30":"tag-world-news","31":"tag-worldnews"},"share_on_mastodon":{"url":"https:\/\/pubeurope.com\/@nl\/115869686304052438","error":""},"_links":{"self":[{"href":"https:\/\/www.europesays.com\/nl\/wp-json\/wp\/v2\/posts\/107879","targetHints":{"allow":["GET"]}}],"collection":[{"href":"https:\/\/www.europesays.com\/nl\/wp-json\/wp\/v2\/posts"}],"about":[{"href":"https:\/\/www.europesays.com\/nl\/wp-json\/wp\/v2\/types\/post"}],"author":[{"embeddable":true,"href":"https:\/\/www.europesays.com\/nl\/wp-json\/wp\/v2\/users\/2"}],"replies":[{"embeddable":true,"href":"https:\/\/www.europesays.com\/nl\/wp-json\/wp\/v2\/comments?post=107879"}],"version-history":[{"count":0,"href":"https:\/\/www.europesays.com\/nl\/wp-json\/wp\/v2\/posts\/107879\/revisions"}],"wp:featuredmedia":[{"embeddable":true,"href":"https:\/\/www.europesays.com\/nl\/wp-json\/wp\/v2\/media\/107880"}],"wp:attachment":[{"href":"https:\/\/www.europesays.com\/nl\/wp-json\/wp\/v2\/media?parent=107879"}],"wp:term":[{"taxonomy":"category","embeddable":true,"href":"https:\/\/www.europesays.com\/nl\/wp-json\/wp\/v2\/categories?post=107879"},{"taxonomy":"post_tag","embeddable":true,"href":"https:\/\/www.europesays.com\/nl\/wp-json\/wp\/v2\/tags?post=107879"}],"curies":[{"name":"wp","href":"https:\/\/api.w.org\/{rel}","templated":true}]}}