{"id":108090,"date":"2026-01-10T12:12:07","date_gmt":"2026-01-10T12:12:07","guid":{"rendered":"https:\/\/www.europesays.com\/nl\/108090\/"},"modified":"2026-01-10T12:12:07","modified_gmt":"2026-01-10T12:12:07","slug":"prins-william-ontploft-regelmatig-vanwege-kate-middleton","status":"publish","type":"post","link":"https:\/\/www.europesays.com\/nl\/108090\/","title":{"rendered":"Prins William &#8216;ontploft regelmatig&#8217; vanwege Kate Middleton"},"content":{"rendered":"<p data-journey-content=\"true\" data-node-id=\"1\" class=\"css-6wxqfj emevuu60\"><a href=\"https:\/\/www.elle.com\/nl\/prins-william\/\" target=\"_blank\" data-vars-ga-outbound-link=\"https:\/\/www.elle.com\/nl\/prins-william\/\" data-vars-ga-ux-element=\"Hyperlink\" data-vars-ga-call-to-action=\"Prins William\" data-node-id=\"1.0.0\" class=\"body-link css-103hk4r emevuu60\" rel=\"nofollow noopener\">Prins William<\/a> en <a href=\"https:\/\/www.elle.com\/nl\/kate-middleton\/\" target=\"_blank\" data-vars-ga-outbound-link=\"https:\/\/www.elle.com\/nl\/kate-middleton\/\" data-vars-ga-ux-element=\"Hyperlink\" data-vars-ga-call-to-action=\"Kate Middleton\" data-node-id=\"1.2.0\" class=\"body-link css-103hk4r emevuu60\" rel=\"nofollow noopener\">Kate Middleton<\/a> zijn alweer een hele tijd samen, dus het is logisch dat er bronnen zijn die praten over de stand van zaken van hun relatie. Ervaren koningshuis-verslaggever Rebecca English heeft zojuist een heleboel nieuwe weetjes gedeeld met <a href=\"https:\/\/www.dailymail.co.uk\/news\/royals\/article-14655207\/REBECCA-ENGLISH-William-fury-Kate-topless-anniversary-happy.html\" target=\"_blank\" data-vars-ga-outbound-link=\"https:\/\/www.dailymail.co.uk\/news\/royals\/article-14655207\/REBECCA-ENGLISH-William-fury-Kate-topless-anniversary-happy.html\" data-vars-ga-ux-element=\"Hyperlink\" data-vars-ga-call-to-action=\"The Daily Mail\" data-node-id=\"1.8.0\" class=\"body-link css-103hk4r emevuu60\" rel=\"nofollow noopener\">The Daily Mail<\/a>, waarbij ze deelde dat Kate en William in alles gelijkwaardige partners zijn en dat Wills absoluut niet toestaat dat zijn vrouw door wie dan ook niet gerespecteerd wordt.<\/p>\n<p>Dit kan prins William absoluut niet tolereren<\/p>\n<p data-journey-content=\"true\" data-node-id=\"6\" class=\"css-6wxqfj emevuu60\">&#8216;Hij gaat tekeer bij elk teken dat Catherine betutteld wordt en maakt daar snel korte metten mee&#8217;, vertelde een vriend van prins William aan English. &#8216;Het is \u00e9\u00e9n van zijn triggers. Door de jaren heen hebben veel mensen geweldige idee\u00ebn voor haar bedacht, maar als ze op een afwijzende manier worden gepresenteerd komt William in actie.&#8217; Ondertussen zegt een bron dat William en Kate &#8216;gelukkiger zijn dan ooit.&#8217;<\/p>\n<p data-journey-content=\"true\" data-node-id=\"8\" class=\"css-6wxqfj emevuu60\">De tekst loopt verder onder de foto.<\/p>\n<p><img draggable=\"true\" alt=\"the british royal family celebrate commonwealth day\" title=\"The British Royal Family Celebrate Commonwealth Day\" loading=\"lazy\" width=\"3000\" height=\"2151\" decoding=\"async\" data-nimg=\"1\" style=\"color:transparent;width:100%;height:auto;\"   src=\"https:\/\/www.europesays.com\/nl\/wp-content\/uploads\/2026\/01\/prince-william-prince-of-wales-and-catherine-princess-of-news-photo-1745927356.pjpeg.jpeg\" class=\"css-0 e1g79fud0\"\/><\/p>\n<p>Mark Cuthbert\/\/Getty Images<\/p>\n<p>Prins William is wel vaker boos <\/p>\n<p data-journey-content=\"true\" data-node-id=\"14\" class=\"css-6wxqfj emevuu60\">Dit volgt op de onthulling door English van <a href=\"https:\/\/www.elle.com\/nl\/lifestyle\/lifestyle-nieuws\/a64628306\/prins-william-reactie-kate-middleton-naaktfotos-gelekt\/\" target=\"_blank\" data-vars-ga-outbound-link=\"https:\/\/www.elle.com\/nl\/lifestyle\/lifestyle-nieuws\/a64628306\/prins-william-reactie-kate-middleton-naaktfotos-gelekt\/\" data-vars-ga-ux-element=\"Hyperlink\" data-vars-ga-call-to-action=\"prins Williams woedende reactie op de gelekte naaktfoto van de prinses van Wales in 2012\" data-node-id=\"14.1\" class=\"body-link css-103hk4r emevuu60\" rel=\"nofollow noopener\">prins Williams woedende reactie op de gelekte naaktfoto van de prinses van Wales in 2012<\/a> (toen ze op koninklijke tournee waren in Maleisi\u00eb). Ze zei dat ze de royal nog nooit &#8216;zo boos&#8217; had gezien, dat zijn kaken &#8216;op elkaar geklemd&#8217; waren en hij &#8216;zijn woede nauwelijks kon bedwingen&#8217;. <\/p>\n<p data-journey-content=\"true\" data-node-id=\"16\" class=\"css-6wxqfj emevuu60\">English herinnert zich ook dat Kate kalm bleef tijdens een evenement slechts &#8216;uren nadat de publicatie in de kiosken lag&#8217;, en dat ze &#8216;in staat was te glimlachen, handen te schudden en een praatje te maken, zonder de minste trilling of enige aanwijzing dat er iets mis was.&#8217; <\/p>\n<p>Lees ook<\/p>\n","protected":false},"excerpt":{"rendered":"Prins William en Kate Middleton zijn alweer een hele tijd samen, dus het is logisch dat er bronnen&hellip;\n","protected":false},"author":2,"featured_media":108091,"comment_status":"","ping_status":"","sticky":false,"template":"","format":"standard","meta":{"footnotes":""},"categories":[31],"tags":[99,1553,147,23285,48,98,1814,46,47,49,45,50,1019,23286,23287,23288],"class_list":{"0":"post-108090","1":"post","2":"type-post","3":"status-publish","4":"format-standard","5":"has-post-thumbnail","7":"category-celebrities","8":"tag-amusement","9":"tag-boos","10":"tag-celebrities","11":"tag-disrespect","12":"tag-dutch","13":"tag-entertainment","14":"tag-kate-middleton","15":"tag-nederland","16":"tag-nederlanden","17":"tag-nederlands","18":"tag-netherlands","19":"tag-nl","20":"tag-prins-william","21":"tag-respectloos","22":"tag-trigger","23":"tag-woedend"},"share_on_mastodon":{"url":"https:\/\/pubeurope.com\/@nl\/115870744113989336","error":""},"_links":{"self":[{"href":"https:\/\/www.europesays.com\/nl\/wp-json\/wp\/v2\/posts\/108090","targetHints":{"allow":["GET"]}}],"collection":[{"href":"https:\/\/www.europesays.com\/nl\/wp-json\/wp\/v2\/posts"}],"about":[{"href":"https:\/\/www.europesays.com\/nl\/wp-json\/wp\/v2\/types\/post"}],"author":[{"embeddable":true,"href":"https:\/\/www.europesays.com\/nl\/wp-json\/wp\/v2\/users\/2"}],"replies":[{"embeddable":true,"href":"https:\/\/www.europesays.com\/nl\/wp-json\/wp\/v2\/comments?post=108090"}],"version-history":[{"count":0,"href":"https:\/\/www.europesays.com\/nl\/wp-json\/wp\/v2\/posts\/108090\/revisions"}],"wp:featuredmedia":[{"embeddable":true,"href":"https:\/\/www.europesays.com\/nl\/wp-json\/wp\/v2\/media\/108091"}],"wp:attachment":[{"href":"https:\/\/www.europesays.com\/nl\/wp-json\/wp\/v2\/media?parent=108090"}],"wp:term":[{"taxonomy":"category","embeddable":true,"href":"https:\/\/www.europesays.com\/nl\/wp-json\/wp\/v2\/categories?post=108090"},{"taxonomy":"post_tag","embeddable":true,"href":"https:\/\/www.europesays.com\/nl\/wp-json\/wp\/v2\/tags?post=108090"}],"curies":[{"name":"wp","href":"https:\/\/api.w.org\/{rel}","templated":true}]}}