{"id":108241,"date":"2026-01-10T15:31:19","date_gmt":"2026-01-10T15:31:19","guid":{"rendered":"https:\/\/www.europesays.com\/nl\/108241\/"},"modified":"2026-01-10T15:31:19","modified_gmt":"2026-01-10T15:31:19","slug":"zien-andre-uit-winter-vol-liefde-zingt-een-duet-met-zijn-moeder","status":"publish","type":"post","link":"https:\/\/www.europesays.com\/nl\/108241\/","title":{"rendered":"Zien! Andr\u00e9 uit Winter vol Liefde zingt een duet met zijn moeder"},"content":{"rendered":"<p data-journey-content=\"true\" data-node-id=\"0\" class=\"body-dropcap css-157xyzt emevuu60\">Fans van <a href=\"https:\/\/www.jan-magazine.nl\/lifestyle\/a69526760\/winter-vol-liefde-2026\/\" target=\"_blank\" data-vars-ga-outbound-link=\"https:\/\/www.jan-magazine.nl\/lifestyle\/a69526760\/winter-vol-liefde-2026\/\" data-vars-ga-ux-element=\"Hyperlink\" data-vars-ga-call-to-action=\"Winter vol Liefde 2026\" data-node-id=\"0.1\" class=\"body-link css-larjyn emevuu60\" rel=\"nofollow noopener\">Winter vol Liefde 2026<\/a> opgelet! Behalve de afleveringen zelf zijn er nog meer leuke beelden van de deelnemers. Zo blijkt deelnemer <a href=\"https:\/\/www.jan-magazine.nl\/lifestyle\/a69029838\/andre-winter-vol-liefde-2025-2026\/\" target=\"_blank\" data-vars-ga-outbound-link=\"https:\/\/www.jan-magazine.nl\/lifestyle\/a69029838\/andre-winter-vol-liefde-2025-2026\/\" data-vars-ga-ux-element=\"Hyperlink\" data-vars-ga-call-to-action=\"Andr\u00e9\" data-node-id=\"0.3\" class=\"body-link css-larjyn emevuu60\" rel=\"nofollow noopener\">Andr\u00e9<\/a> niet alleen een fantastische kok, maar beschikt hij ook over een ander, ietwat verborgen, talent. Hij erfde de zangkunsten van zijn moeder Marian en laat die maar wat graag horen in een verrassend duet.<\/p>\n<p>Andr\u00e9 uit Winter vol Liefde zingt met zijn moeder <\/p>\n<p data-journey-content=\"true\" data-node-id=\"2\" class=\"css-6wxqfj emevuu60\">De 28-jarige Andr\u00e9 is \u00e9\u00e9n van de deelnemers aan Winter vol Liefde 2026. Hij woont al sinds hij twee jaar oud is in Andorra, waar hij nu werkt als chef in het familiehotel en \u2013 je raadt het al \u2013 met hulp van het tv-programma op zoek is naar de liefde. Eerder was Andr\u00e9 al volop in het nieuws toen bleek dat <a href=\"https:\/\/www.jan-magazine.nl\/lifestyle\/a69924461\/moeder-winter-vol-liefde-andre-marian-songfestival\/\" target=\"_blank\" data-vars-ga-outbound-link=\"https:\/\/www.jan-magazine.nl\/lifestyle\/a69924461\/moeder-winter-vol-liefde-andre-marian-songfestival\/\" data-vars-ga-ux-element=\"Hyperlink\" data-vars-ga-call-to-action=\"zijn moeder Marian in 2005 voor Andorra meedeed aan het Eurovisie Songfestival\" data-node-id=\"2.3\" class=\"body-link css-larjyn emevuu60\" rel=\"nofollow noopener\">zijn moeder Marian in 2005 voor Andorra meedeed aan het Eurovisie Songfestival<\/a>. Zij heeft dus al heel wat televisie-ervaring.<\/p>\n<p data-journey-content=\"true\" data-node-id=\"3\" class=\"css-6wxqfj emevuu60\">Nu blijkt dat het hebben van een gouden keeltje in de familie zit. Er is een video opgedoken die in mei 2025 al op Instagram verscheen en waarop te zien is hoe Andr\u00e9 en zijn moeder Marian samen het nummer Roller Coaster van Danny Vera zingen. De video gaat momenteel helemaal viral en dat snappen wij wel: Andr\u00e9s zangkunsten zijn allesbehalve slecht.<\/p>\n<p>Dol op muziek<\/p>\n<p data-journey-content=\"true\" data-node-id=\"6\" class=\"css-6wxqfj emevuu60\">Wie Andr\u00e9s hart ook mag veroveren: het moge duidelijk zijn dat deze vrouw maar beter een enorme muziekliefhebber is. Bij de video is te lezen dat de familie Groot dol is op muziek. &#8216;Tussen de diensten door, tijdens ontspannen momenten en pauzes repeteren we spontaan en genieten we van die speciale band tussen moeder en zoon&#8217;, schrijven ze. Aan sfeer ontbreekt het dus in elk geval niet in het familiehotel.<\/p>\n","protected":false},"excerpt":{"rendered":"Fans van Winter vol Liefde 2026 opgelet! Behalve de afleveringen zelf zijn er nog meer leuke beelden van&hellip;\n","protected":false},"author":2,"featured_media":108242,"comment_status":"","ping_status":"","sticky":false,"template":"","format":"standard","meta":{"footnotes":""},"categories":[28],"tags":[99,23304,23305,48,98,2214,22602,5127,46,47,49,45,50,1435,124,1251,1120],"class_list":{"0":"post-108241","1":"post","2":"type-post","3":"status-publish","4":"format-standard","5":"has-post-thumbnail","7":"category-tv","8":"tag-amusement","9":"tag-andre","10":"tag-duet","11":"tag-dutch","12":"tag-entertainment","13":"tag-eurovisie-songfestival","14":"tag-marian","15":"tag-moeder","16":"tag-nederland","17":"tag-nederlanden","18":"tag-nederlands","19":"tag-netherlands","20":"tag-nl","21":"tag-rtl","22":"tag-tv","23":"tag-winter-vol-liefde","24":"tag-zingen"},"share_on_mastodon":{"url":"https:\/\/pubeurope.com\/@nl\/115871526608475139","error":""},"_links":{"self":[{"href":"https:\/\/www.europesays.com\/nl\/wp-json\/wp\/v2\/posts\/108241","targetHints":{"allow":["GET"]}}],"collection":[{"href":"https:\/\/www.europesays.com\/nl\/wp-json\/wp\/v2\/posts"}],"about":[{"href":"https:\/\/www.europesays.com\/nl\/wp-json\/wp\/v2\/types\/post"}],"author":[{"embeddable":true,"href":"https:\/\/www.europesays.com\/nl\/wp-json\/wp\/v2\/users\/2"}],"replies":[{"embeddable":true,"href":"https:\/\/www.europesays.com\/nl\/wp-json\/wp\/v2\/comments?post=108241"}],"version-history":[{"count":0,"href":"https:\/\/www.europesays.com\/nl\/wp-json\/wp\/v2\/posts\/108241\/revisions"}],"wp:featuredmedia":[{"embeddable":true,"href":"https:\/\/www.europesays.com\/nl\/wp-json\/wp\/v2\/media\/108242"}],"wp:attachment":[{"href":"https:\/\/www.europesays.com\/nl\/wp-json\/wp\/v2\/media?parent=108241"}],"wp:term":[{"taxonomy":"category","embeddable":true,"href":"https:\/\/www.europesays.com\/nl\/wp-json\/wp\/v2\/categories?post=108241"},{"taxonomy":"post_tag","embeddable":true,"href":"https:\/\/www.europesays.com\/nl\/wp-json\/wp\/v2\/tags?post=108241"}],"curies":[{"name":"wp","href":"https:\/\/api.w.org\/{rel}","templated":true}]}}