{"id":108451,"date":"2026-01-10T20:15:14","date_gmt":"2026-01-10T20:15:14","guid":{"rendered":"https:\/\/www.europesays.com\/nl\/108451\/"},"modified":"2026-01-10T20:15:14","modified_gmt":"2026-01-10T20:15:14","slug":"donkere-wolken-breiden-zich-uit-boven-helene-hendriks","status":"publish","type":"post","link":"https:\/\/www.europesays.com\/nl\/108451\/","title":{"rendered":"&#8216;Donkere wolken breiden zich uit boven H\u00e9l\u00e8ne Hendriks&#8217;"},"content":{"rendered":"<p><a href=\"https:\/\/www.soccernews.nl\/media\/helene-hendriks\/\" rel=\"nofollow noopener\" target=\"_blank\">H\u00e9l\u00e8ne Hendriks<\/a> was lange tijd de \u2018rising star\u2019 in het medialandschap, maar langzamerhand beginnen de eerste deukjes te ontstaan in de successen. Eerst was er deze week al de rel met haar sidekick Jack van Gelder en nu is er ook weinig enthousiasme over haar presenteren.<\/p>\n<p>Aanzwellende kritiek op presentatrice H\u00e9l\u00e8ne Hendriks<\/p>\n<p>In de Media Podcast van het Algemeen Dagblad noemt Gudo Tienhoven de presentatie van Hendriks zeer vlak, die ook voor het eerst The Winner Takes It All presenteerde. \u201cHeel plichtmatig. Ik vond het heel plichtmatig, ja. Het is allemaal zo routineus en zonder lekker ironisch sausje \u00e0 la Chantal Janzen of Martijn Krabb\u00e9, maar ik ben ook niet de grootste H\u00e9l\u00e8ne Hendriks-fan. Ik vind het prima, ik gedoog haar.\u201d<\/p>\n<p>Televisierecensent Angela de Jong stelt dat ze een beetje het vlammetje mist bij Hendriks. \u201cIk weet het niet. Ik heb zelf een beetje\u2026 Ik weet niet wat ik er nou\u2026 Ik vond haar niet slecht ofzo. Jij zegt \u2018routineus\u2019. Misschien is dat het wel een beetje. Dat vind ik tegenwoordig bij haar talkshow ook. Dat vind ik ook een beetje het heilige vuur missen ofzo.\u201d<\/p>\n<p>Heilige vuur ontbreekt in De Oranjezomer<\/p>\n<p>En dat geldt volgens De Jong ook bij haar talkshows. Hendriks blijft volgens haar te oppervlakkig. \u201cIedereen mag van mij alles doen wat hij wil, h\u00e8, je hoeft niet per se in \u00e9\u00e9n vakje te zitten en je moet zoveel mogelijk dingen doen, want volgens mij vindt ze dit wel echt heel leuk. Zij wil wel echt die showkant op, maar tegenwoordig heb ik bij De Oranjezomer (De Oranjewinter, red.) ook het idee dat ik een beetje naar\u2026 Ja, ik weet het niet, ik mis gewoon het heilige vuur ofzo.\u201d<\/p>\n<p>Tienhoven is van mening dat Hendriks wellicht niet geschikt is voor het presenteren van amusementsprogramma\u2019s. \u201cJa, ze is misschien te nuchter voor dat soort shiny-floor-shows, dat is het misschien ook. Chantal is op haar manier ook nuchter, maar daar zit heel veel humor in. Ik heb het idee dat de grapjes bij H\u00e9l\u00e8ne allemaal zijn ingestudeerd of te makkelijk in haar opkomen. Het is allemaal een beetje te belegen en vrijblijvend.\u201d Hendriks kan in ieder geval op een kijker minder rekenen. \u201cIk vond het niet de moeite waard om het zaterdag weer aan te zetten.\u201d<\/p>\n<p>        Slaat H\u00e9l\u00e8ne Hendriks nog wel aan?    <\/p>\n<ul class=\"bc-poll__options gap-4 list-unstyled bc-poll__voted-remove\">\n<li class=\"bc-poll__option fs-8 fw-bold p-2 mb-4 bg-black text-white text-success-hover\" data-bc-option-id=\"1\" data-bc-selected-classes=\"text-success\" data-bc-icon-name-default=\"square-fill\" data-bc-icon-name-selected=\"check-square\" data-bc-icon-name-selected-classes=\"text-success me-2\">\n<p>                                Ja, ik vind haar goed            <\/li>\n<li class=\"bc-poll__option fs-8 fw-bold p-2 mb-4 bg-black text-white text-success-hover\" data-bc-option-id=\"2\" data-bc-selected-classes=\"text-success\" data-bc-icon-name-default=\"square-fill\" data-bc-icon-name-selected=\"check-square\" data-bc-icon-name-selected-classes=\"text-success me-2\">\n<p>                                Mwah, ze kan nog mee            <\/li>\n<li class=\"bc-poll__option fs-8 fw-bold p-2 mb-4 bg-black text-white text-success-hover\" data-bc-option-id=\"3\" data-bc-selected-classes=\"text-success\" data-bc-icon-name-default=\"square-fill\" data-bc-icon-name-selected=\"check-square\" data-bc-icon-name-selected-classes=\"text-success me-2\">\n<p>                                Nee, ze wordt zwaar overschat            <\/li>\n<\/ul>\n<ul class=\"bc-poll__results list-unstyled\">\n<li class=\"bc-poll__result justify-content-between p-4 bg-color-4 d-flex fs-7 p-2 text-white mb-4 bg-light\" data-bc-selected-classes=\"bg-black\">\n<p>                        Ja, ik vind haar goed                    <\/p>\n<\/li>\n<li class=\"bc-poll__result justify-content-between p-4 bg-color-4 d-flex fs-7 p-2 text-white mb-4 bg-light\" data-bc-selected-classes=\"bg-black\">\n<p>                        Mwah, ze kan nog mee                    <\/p>\n<\/li>\n<li class=\"bc-poll__result justify-content-between p-4 bg-color-4 d-flex fs-7 p-2 text-white mb-4 bg-light\" data-bc-selected-classes=\"bg-black\">\n<p>                        Nee, ze wordt zwaar overschat                    <\/p>\n<\/li>\n<\/ul>\n<p class=\"bc-poll__results-count-wrapper text-white fw-bold\">\n            0 Votes        <\/p>\n","protected":false},"excerpt":{"rendered":"H\u00e9l\u00e8ne Hendriks was lange tijd de \u2018rising star\u2019 in het medialandschap, maar langzamerhand beginnen de eerste deukjes te&hellip;\n","protected":false},"author":2,"featured_media":89660,"comment_status":"","ping_status":"","sticky":false,"template":"","format":"standard","meta":{"footnotes":""},"categories":[25],"tags":[99,48,98,46,47,49,45,50],"class_list":{"0":"post-108451","1":"post","2":"type-post","3":"status-publish","4":"format-standard","5":"has-post-thumbnail","7":"category-amusement","8":"tag-amusement","9":"tag-dutch","10":"tag-entertainment","11":"tag-nederland","12":"tag-nederlanden","13":"tag-nederlands","14":"tag-netherlands","15":"tag-nl"},"share_on_mastodon":{"url":"https:\/\/pubeurope.com\/@nl\/115872643332844983","error":""},"_links":{"self":[{"href":"https:\/\/www.europesays.com\/nl\/wp-json\/wp\/v2\/posts\/108451","targetHints":{"allow":["GET"]}}],"collection":[{"href":"https:\/\/www.europesays.com\/nl\/wp-json\/wp\/v2\/posts"}],"about":[{"href":"https:\/\/www.europesays.com\/nl\/wp-json\/wp\/v2\/types\/post"}],"author":[{"embeddable":true,"href":"https:\/\/www.europesays.com\/nl\/wp-json\/wp\/v2\/users\/2"}],"replies":[{"embeddable":true,"href":"https:\/\/www.europesays.com\/nl\/wp-json\/wp\/v2\/comments?post=108451"}],"version-history":[{"count":0,"href":"https:\/\/www.europesays.com\/nl\/wp-json\/wp\/v2\/posts\/108451\/revisions"}],"wp:featuredmedia":[{"embeddable":true,"href":"https:\/\/www.europesays.com\/nl\/wp-json\/wp\/v2\/media\/89660"}],"wp:attachment":[{"href":"https:\/\/www.europesays.com\/nl\/wp-json\/wp\/v2\/media?parent=108451"}],"wp:term":[{"taxonomy":"category","embeddable":true,"href":"https:\/\/www.europesays.com\/nl\/wp-json\/wp\/v2\/categories?post=108451"},{"taxonomy":"post_tag","embeddable":true,"href":"https:\/\/www.europesays.com\/nl\/wp-json\/wp\/v2\/tags?post=108451"}],"curies":[{"name":"wp","href":"https:\/\/api.w.org\/{rel}","templated":true}]}}